{"id":5949,"date":"2024-11-16T15:05:23","date_gmt":"2024-11-16T14:05:23","guid":{"rendered":"https:\/\/wgphoto.pl\/t\/?p=5949"},"modified":"2024-11-16T15:05:23","modified_gmt":"2024-11-16T14:05:23","slug":"ludmila-i-victoria","status":"publish","type":"post","link":"https:\/\/wgphoto.pl\/t\/?p=5949","title":{"rendered":"Ludmi\u0142a i Victoria"},"content":{"rendered":"\n<figure class=\"wp-block-image aligncenter size-full\"><img loading=\"lazy\" decoding=\"async\" width=\"1300\" height=\"867\" src=\"https:\/\/wgphoto.pl\/t\/wp-content\/uploads\/2024\/11\/0613-00.jpg\" alt=\"\" class=\"wp-image-5950\" srcset=\"https:\/\/wgphoto.pl\/t\/wp-content\/uploads\/2024\/11\/0613-00.jpg 1300w, https:\/\/wgphoto.pl\/t\/wp-content\/uploads\/2024\/11\/0613-00-300x200.jpg 300w, https:\/\/wgphoto.pl\/t\/wp-content\/uploads\/2024\/11\/0613-00-768x512.jpg 768w\" sizes=\"auto, (max-width: 1300px) 100vw, 1300px\" \/><\/figure>\n\n\n\n<div class=\"wp-block-group has-global-padding is-layout-constrained wp-block-group-is-layout-constrained\">\n<p>Ludmi\u0142a o nieznanych numerach prowadzi \u0142adowny sk\u0142ad &#8222;w Polsk\u0119&#8221;, zapewne z Czarnego Boru. W tle wida\u0107 wa\u0142brzysk\u0105 koksowni\u0119 Victoria. 05.07.2006<\/p>\n<\/div>\n","protected":false},"excerpt":{"rendered":"<p>Ludmi\u0142a o nieznanych numerach prowadzi \u0142adowny sk\u0142ad &#8222;w Polsk\u0119&#8221;, zapewne z Czarnego Boru. W tle wida\u0107 wa\u0142brzysk\u0105 koksowni\u0119 Victoria. 05.07.2006<\/p>\n","protected":false},"author":1,"featured_media":5950,"comment_status":"open","ping_status":"","sticky":false,"template":"","format":"standard","meta":{"footnotes":""},"categories":[62,2,130],"tags":[1985,2254,796,303,1067,113,27,200,1101],"class_list":["post-5949","post","type-post","status-publish","format-standard","has-post-thumbnail","hentry","category-analog","category-kolej","category-rok-2006","tag-2006-07-05","tag-2254","tag-boguszow-gorce-wschod","tag-industrial","tag-kamyki","tag-landszaft","tag-polska","tag-tab-pl240","tag-walbrzych-glowny"],"_links":{"self":[{"href":"https:\/\/wgphoto.pl\/t\/index.php?rest_route=\/wp\/v2\/posts\/5949","targetHints":{"allow":["GET"]}}],"collection":[{"href":"https:\/\/wgphoto.pl\/t\/index.php?rest_route=\/wp\/v2\/posts"}],"about":[{"href":"https:\/\/wgphoto.pl\/t\/index.php?rest_route=\/wp\/v2\/types\/post"}],"author":[{"embeddable":true,"href":"https:\/\/wgphoto.pl\/t\/index.php?rest_route=\/wp\/v2\/users\/1"}],"replies":[{"embeddable":true,"href":"https:\/\/wgphoto.pl\/t\/index.php?rest_route=%2Fwp%2Fv2%2Fcomments&post=5949"}],"version-history":[{"count":1,"href":"https:\/\/wgphoto.pl\/t\/index.php?rest_route=\/wp\/v2\/posts\/5949\/revisions"}],"predecessor-version":[{"id":5951,"href":"https:\/\/wgphoto.pl\/t\/index.php?rest_route=\/wp\/v2\/posts\/5949\/revisions\/5951"}],"wp:featuredmedia":[{"embeddable":true,"href":"https:\/\/wgphoto.pl\/t\/index.php?rest_route=\/wp\/v2\/media\/5950"}],"wp:attachment":[{"href":"https:\/\/wgphoto.pl\/t\/index.php?rest_route=%2Fwp%2Fv2%2Fmedia&parent=5949"}],"wp:term":[{"taxonomy":"category","embeddable":true,"href":"https:\/\/wgphoto.pl\/t\/index.php?rest_route=%2Fwp%2Fv2%2Fcategories&post=5949"},{"taxonomy":"post_tag","embeddable":true,"href":"https:\/\/wgphoto.pl\/t\/index.php?rest_route=%2Fwp%2Fv2%2Ftags&post=5949"}],"curies":[{"name":"wp","href":"https:\/\/api.w.org\/{rel}","templated":true}]}}