{"id":5952,"date":"2024-11-16T15:06:24","date_gmt":"2024-11-16T14:06:24","guid":{"rendered":"https:\/\/wgphoto.pl\/t\/?p=5952"},"modified":"2024-11-16T15:06:24","modified_gmt":"2024-11-16T14:06:24","slug":"w-zimowym-sloncu","status":"publish","type":"post","link":"https:\/\/wgphoto.pl\/t\/?p=5952","title":{"rendered":"W zimowym s\u0142o\u0144cu"},"content":{"rendered":"\n<figure class=\"wp-block-image aligncenter size-full\"><img loading=\"lazy\" decoding=\"async\" width=\"1300\" height=\"861\" src=\"https:\/\/wgphoto.pl\/t\/wp-content\/uploads\/2024\/11\/IMGP2397.jpg\" alt=\"\" class=\"wp-image-5953\" srcset=\"https:\/\/wgphoto.pl\/t\/wp-content\/uploads\/2024\/11\/IMGP2397.jpg 1300w, https:\/\/wgphoto.pl\/t\/wp-content\/uploads\/2024\/11\/IMGP2397-300x199.jpg 300w, https:\/\/wgphoto.pl\/t\/wp-content\/uploads\/2024\/11\/IMGP2397-768x509.jpg 768w\" sizes=\"auto, (max-width: 1300px) 100vw, 1300px\" \/><\/figure>\n\n\n\n<div class=\"wp-block-group has-global-padding is-layout-constrained wp-block-group-is-layout-constrained\">\n<p>Poci\u0105g osobowy (z Jeleniej G\u00f3ry?) do Wroc\u0142awia jedzie szlakiem Wa\u0142brzych Fabryczny &#8211; Wa\u0142brzych Miasto, zbli\u017caj\u0105c si\u0119 do by\u0142ego Podg Thorez. W tle najbardziej rzuca si\u0119 w oczy ko\u015bci\u00f3\u0142 pw. \u015bw. Jerzego i Matki Bo\u017cej R\u00f3\u017ca\u0144cowej w dzielnicy Bia\u0142y Kamie\u0144. 06.01.2014<\/p>\n<\/div>\n","protected":false},"excerpt":{"rendered":"<p>Poci\u0105g osobowy (z Jeleniej G\u00f3ry?) do Wroc\u0142awia jedzie szlakiem Wa\u0142brzych Fabryczny &#8211; Wa\u0142brzych Miasto, zbli\u017caj\u0105c si\u0119 do by\u0142ego Podg Thorez. W tle najbardziej rzuca si\u0119 w oczy ko\u015bci\u00f3\u0142 pw. \u015bw. Jerzego i Matki Bo\u017cej R\u00f3\u017ca\u0144cowej w dzielnicy Bia\u0142y Kamie\u0144. 06.01.2014<\/p>\n","protected":false},"author":1,"featured_media":5953,"comment_status":"open","ping_status":"","sticky":false,"template":"","format":"standard","meta":{"footnotes":""},"categories":[2,48],"tags":[1425,132,113,63,27,1502,200,1878,1424],"class_list":["post-5952","post","type-post","status-publish","format-standard","has-post-thumbnail","hentry","category-kolej","category-rok-2014","tag-2014-01-06","tag-en57","tag-landszaft","tag-pkp","tag-polska","tag-przewozy-regionalne","tag-tab-pl240","tag-walbrzych-fabryczny","tag-walbrzych-miasto"],"_links":{"self":[{"href":"https:\/\/wgphoto.pl\/t\/index.php?rest_route=\/wp\/v2\/posts\/5952","targetHints":{"allow":["GET"]}}],"collection":[{"href":"https:\/\/wgphoto.pl\/t\/index.php?rest_route=\/wp\/v2\/posts"}],"about":[{"href":"https:\/\/wgphoto.pl\/t\/index.php?rest_route=\/wp\/v2\/types\/post"}],"author":[{"embeddable":true,"href":"https:\/\/wgphoto.pl\/t\/index.php?rest_route=\/wp\/v2\/users\/1"}],"replies":[{"embeddable":true,"href":"https:\/\/wgphoto.pl\/t\/index.php?rest_route=%2Fwp%2Fv2%2Fcomments&post=5952"}],"version-history":[{"count":1,"href":"https:\/\/wgphoto.pl\/t\/index.php?rest_route=\/wp\/v2\/posts\/5952\/revisions"}],"predecessor-version":[{"id":5954,"href":"https:\/\/wgphoto.pl\/t\/index.php?rest_route=\/wp\/v2\/posts\/5952\/revisions\/5954"}],"wp:featuredmedia":[{"embeddable":true,"href":"https:\/\/wgphoto.pl\/t\/index.php?rest_route=\/wp\/v2\/media\/5953"}],"wp:attachment":[{"href":"https:\/\/wgphoto.pl\/t\/index.php?rest_route=%2Fwp%2Fv2%2Fmedia&parent=5952"}],"wp:term":[{"taxonomy":"category","embeddable":true,"href":"https:\/\/wgphoto.pl\/t\/index.php?rest_route=%2Fwp%2Fv2%2Fcategories&post=5952"},{"taxonomy":"post_tag","embeddable":true,"href":"https:\/\/wgphoto.pl\/t\/index.php?rest_route=%2Fwp%2Fv2%2Ftags&post=5952"}],"curies":[{"name":"wp","href":"https:\/\/api.w.org\/{rel}","templated":true}]}}