{"id":5955,"date":"2024-11-16T15:07:26","date_gmt":"2024-11-16T14:07:26","guid":{"rendered":"https:\/\/wgphoto.pl\/t\/?p=5955"},"modified":"2024-11-16T15:07:26","modified_gmt":"2024-11-16T14:07:26","slug":"w-jesiennej-szarzyznie","status":"publish","type":"post","link":"https:\/\/wgphoto.pl\/t\/?p=5955","title":{"rendered":"W jesiennej szarzy\u017anie"},"content":{"rendered":"\n<figure class=\"wp-block-image aligncenter size-full\"><img loading=\"lazy\" decoding=\"async\" width=\"1300\" height=\"861\" src=\"https:\/\/wgphoto.pl\/t\/wp-content\/uploads\/2024\/11\/IMGP0296.jpg\" alt=\"\" class=\"wp-image-5956\" srcset=\"https:\/\/wgphoto.pl\/t\/wp-content\/uploads\/2024\/11\/IMGP0296.jpg 1300w, https:\/\/wgphoto.pl\/t\/wp-content\/uploads\/2024\/11\/IMGP0296-300x199.jpg 300w, https:\/\/wgphoto.pl\/t\/wp-content\/uploads\/2024\/11\/IMGP0296-768x509.jpg 768w\" sizes=\"auto, (max-width: 1300px) 100vw, 1300px\" \/><\/figure>\n\n\n\n<div class=\"wp-block-group has-global-padding is-layout-constrained wp-block-group-is-layout-constrained\">\n<p>Poci\u0105g osobowy w kierunku Wroc\u0142awia wyjecha\u0142 w\u0142a\u015bnie z Wa\u0142brzycha Fabrycznego. Pierwsza pr\u00f3ba w tym uj\u0119ciu (pod tagami znajdziecie kilka kolejnych), jakkolwiek akceptowalna tylko dzi\u0119ki wyrazistym barwom kibelka. 29.10.2013<\/p>\n<\/div>\n","protected":false},"excerpt":{"rendered":"<p>Poci\u0105g osobowy w kierunku Wroc\u0142awia wyjecha\u0142 w\u0142a\u015bnie z Wa\u0142brzycha Fabrycznego. Pierwsza pr\u00f3ba w tym uj\u0119ciu (pod tagami znajdziecie kilka kolejnych), jakkolwiek akceptowalna tylko dzi\u0119ki wyrazistym barwom kibelka. 29.10.2013<\/p>\n","protected":false},"author":1,"featured_media":5956,"comment_status":"open","ping_status":"","sticky":false,"template":"","format":"standard","meta":{"footnotes":""},"categories":[2,55],"tags":[2255,132,113,63,27,1502,200,1878],"class_list":["post-5955","post","type-post","status-publish","format-standard","has-post-thumbnail","hentry","category-kolej","category-rok-2013","tag-2013-10-29","tag-en57","tag-landszaft","tag-pkp","tag-polska","tag-przewozy-regionalne","tag-tab-pl240","tag-walbrzych-fabryczny"],"_links":{"self":[{"href":"https:\/\/wgphoto.pl\/t\/index.php?rest_route=\/wp\/v2\/posts\/5955","targetHints":{"allow":["GET"]}}],"collection":[{"href":"https:\/\/wgphoto.pl\/t\/index.php?rest_route=\/wp\/v2\/posts"}],"about":[{"href":"https:\/\/wgphoto.pl\/t\/index.php?rest_route=\/wp\/v2\/types\/post"}],"author":[{"embeddable":true,"href":"https:\/\/wgphoto.pl\/t\/index.php?rest_route=\/wp\/v2\/users\/1"}],"replies":[{"embeddable":true,"href":"https:\/\/wgphoto.pl\/t\/index.php?rest_route=%2Fwp%2Fv2%2Fcomments&post=5955"}],"version-history":[{"count":1,"href":"https:\/\/wgphoto.pl\/t\/index.php?rest_route=\/wp\/v2\/posts\/5955\/revisions"}],"predecessor-version":[{"id":5957,"href":"https:\/\/wgphoto.pl\/t\/index.php?rest_route=\/wp\/v2\/posts\/5955\/revisions\/5957"}],"wp:featuredmedia":[{"embeddable":true,"href":"https:\/\/wgphoto.pl\/t\/index.php?rest_route=\/wp\/v2\/media\/5956"}],"wp:attachment":[{"href":"https:\/\/wgphoto.pl\/t\/index.php?rest_route=%2Fwp%2Fv2%2Fmedia&parent=5955"}],"wp:term":[{"taxonomy":"category","embeddable":true,"href":"https:\/\/wgphoto.pl\/t\/index.php?rest_route=%2Fwp%2Fv2%2Fcategories&post=5955"},{"taxonomy":"post_tag","embeddable":true,"href":"https:\/\/wgphoto.pl\/t\/index.php?rest_route=%2Fwp%2Fv2%2Ftags&post=5955"}],"curies":[{"name":"wp","href":"https:\/\/api.w.org\/{rel}","templated":true}]}}