{"id":5964,"date":"2024-11-16T15:10:58","date_gmt":"2024-11-16T14:10:58","guid":{"rendered":"https:\/\/wgphoto.pl\/t\/?p=5964"},"modified":"2024-11-16T15:10:58","modified_gmt":"2024-11-16T14:10:58","slug":"nad-branna","status":"publish","type":"post","link":"https:\/\/wgphoto.pl\/t\/?p=5964","title":{"rendered":"Nad Brann\u0105"},"content":{"rendered":"\n<figure class=\"wp-block-image aligncenter size-full\"><img loading=\"lazy\" decoding=\"async\" width=\"1300\" height=\"870\" src=\"https:\/\/wgphoto.pl\/t\/wp-content\/uploads\/2024\/11\/IMGP0532.jpg\" alt=\"\" class=\"wp-image-5965\" srcset=\"https:\/\/wgphoto.pl\/t\/wp-content\/uploads\/2024\/11\/IMGP0532.jpg 1300w, https:\/\/wgphoto.pl\/t\/wp-content\/uploads\/2024\/11\/IMGP0532-300x201.jpg 300w, https:\/\/wgphoto.pl\/t\/wp-content\/uploads\/2024\/11\/IMGP0532-768x514.jpg 768w\" sizes=\"auto, (max-width: 1300px) 100vw, 1300px\" \/><\/figure>\n\n\n\n<div class=\"wp-block-group has-global-padding is-layout-constrained wp-block-group-is-layout-constrained\">\n<p>Szlak Jind\u0159ichov na Morav\u011b &#8211; Hanu\u0161ovice. Bardotka 749.107-9 w ponure, jesienne popo\u0142udnie prowadzi poci\u0105g pospieszny 906 z Jesen\u00edka do Brna hl.n., jad\u0105c wzd\u0142u\u017c tytu\u0142owej rzeki, lewego dop\u0142ywu Morawy. 27.10.2009<\/p>\n<\/div>\n","protected":false},"excerpt":{"rendered":"<p>Szlak Jind\u0159ichov na Morav\u011b &#8211; Hanu\u0161ovice. Bardotka 749.107-9 w ponure, jesienne popo\u0142udnie prowadzi poci\u0105g pospieszny 906 z Jesen\u00edka do Brna hl.n., jad\u0105c wzd\u0142u\u017c tytu\u0142owej rzeki, lewego dop\u0142ywu Morawy. 27.10.2009<\/p>\n","protected":false},"author":1,"featured_media":5965,"comment_status":"open","ping_status":"","sticky":false,"template":"","format":"standard","meta":{"footnotes":""},"categories":[2,169],"tags":[1979,1058,50,49,2047,126,2258,73,167],"class_list":["post-5964","post","type-post","status-publish","format-standard","has-post-thumbnail","hentry","category-kolej","category-rok-2009","tag-2009-10-27","tag-1058","tag-cd","tag-czechy","tag-hanusovice","tag-jesien","tag-jindrichov-na-morave","tag-rzeka","tag-tab-cz292"],"_links":{"self":[{"href":"https:\/\/wgphoto.pl\/t\/index.php?rest_route=\/wp\/v2\/posts\/5964","targetHints":{"allow":["GET"]}}],"collection":[{"href":"https:\/\/wgphoto.pl\/t\/index.php?rest_route=\/wp\/v2\/posts"}],"about":[{"href":"https:\/\/wgphoto.pl\/t\/index.php?rest_route=\/wp\/v2\/types\/post"}],"author":[{"embeddable":true,"href":"https:\/\/wgphoto.pl\/t\/index.php?rest_route=\/wp\/v2\/users\/1"}],"replies":[{"embeddable":true,"href":"https:\/\/wgphoto.pl\/t\/index.php?rest_route=%2Fwp%2Fv2%2Fcomments&post=5964"}],"version-history":[{"count":1,"href":"https:\/\/wgphoto.pl\/t\/index.php?rest_route=\/wp\/v2\/posts\/5964\/revisions"}],"predecessor-version":[{"id":5966,"href":"https:\/\/wgphoto.pl\/t\/index.php?rest_route=\/wp\/v2\/posts\/5964\/revisions\/5966"}],"wp:featuredmedia":[{"embeddable":true,"href":"https:\/\/wgphoto.pl\/t\/index.php?rest_route=\/wp\/v2\/media\/5965"}],"wp:attachment":[{"href":"https:\/\/wgphoto.pl\/t\/index.php?rest_route=%2Fwp%2Fv2%2Fmedia&parent=5964"}],"wp:term":[{"taxonomy":"category","embeddable":true,"href":"https:\/\/wgphoto.pl\/t\/index.php?rest_route=%2Fwp%2Fv2%2Fcategories&post=5964"},{"taxonomy":"post_tag","embeddable":true,"href":"https:\/\/wgphoto.pl\/t\/index.php?rest_route=%2Fwp%2Fv2%2Ftags&post=5964"}],"curies":[{"name":"wp","href":"https:\/\/api.w.org\/{rel}","templated":true}]}}