{"id":5980,"date":"2024-11-16T18:14:39","date_gmt":"2024-11-16T17:14:39","guid":{"rendered":"https:\/\/wgphoto.pl\/t\/?p=5980"},"modified":"2024-11-16T18:14:39","modified_gmt":"2024-11-16T17:14:39","slug":"trzynastki-i-skajlajn-pionowy","status":"publish","type":"post","link":"https:\/\/wgphoto.pl\/t\/?p=5980","title":{"rendered":"Trzynastki i skajlajn pionowy"},"content":{"rendered":"\n<figure class=\"wp-block-image aligncenter size-full\"><img loading=\"lazy\" decoding=\"async\" width=\"800\" height=\"1000\" src=\"https:\/\/wgphoto.pl\/t\/wp-content\/uploads\/2024\/11\/IMGP1643.jpg\" alt=\"\" class=\"wp-image-5981\" srcset=\"https:\/\/wgphoto.pl\/t\/wp-content\/uploads\/2024\/11\/IMGP1643.jpg 800w, https:\/\/wgphoto.pl\/t\/wp-content\/uploads\/2024\/11\/IMGP1643-240x300.jpg 240w, https:\/\/wgphoto.pl\/t\/wp-content\/uploads\/2024\/11\/IMGP1643-768x960.jpg 768w\" sizes=\"auto, (max-width: 800px) 100vw, 800px\" \/><\/figure>\n\n\n\n<div class=\"wp-block-group has-global-padding is-layout-constrained wp-block-group-is-layout-constrained\">\n<p>Warszawa, al. Niepodleg\u0142o\u015bci, sk\u0142ad 13N 321+302. Kiedy\u015b ju\u017c si\u0119 tu pojawi\u0142a pozioma wersja tego kadru. 21.06.2011<\/p>\n<\/div>\n","protected":false},"excerpt":{"rendered":"<p>Warszawa, al. Niepodleg\u0142o\u015bci, sk\u0142ad 13N 321+302. Kiedy\u015b ju\u017c si\u0119 tu pojawi\u0142a pozioma wersja tego kadru. 21.06.2011<\/p>\n","protected":false},"author":1,"featured_media":5981,"comment_status":"open","ping_status":"","sticky":false,"template":"","format":"standard","meta":{"footnotes":""},"categories":[128,77,3],"tags":[2261,34,1895,27,953,954],"class_list":["post-5980","post","type-post","status-publish","format-standard","has-post-thumbnail","hentry","category-pionowe","category-rok-2011","category-tramwaj","tag-2011-06-21","tag-architektura","tag-konstal-13n","tag-polska","tag-tramwaje-warszawskie","tag-warszawa"],"_links":{"self":[{"href":"https:\/\/wgphoto.pl\/t\/index.php?rest_route=\/wp\/v2\/posts\/5980","targetHints":{"allow":["GET"]}}],"collection":[{"href":"https:\/\/wgphoto.pl\/t\/index.php?rest_route=\/wp\/v2\/posts"}],"about":[{"href":"https:\/\/wgphoto.pl\/t\/index.php?rest_route=\/wp\/v2\/types\/post"}],"author":[{"embeddable":true,"href":"https:\/\/wgphoto.pl\/t\/index.php?rest_route=\/wp\/v2\/users\/1"}],"replies":[{"embeddable":true,"href":"https:\/\/wgphoto.pl\/t\/index.php?rest_route=%2Fwp%2Fv2%2Fcomments&post=5980"}],"version-history":[{"count":1,"href":"https:\/\/wgphoto.pl\/t\/index.php?rest_route=\/wp\/v2\/posts\/5980\/revisions"}],"predecessor-version":[{"id":5982,"href":"https:\/\/wgphoto.pl\/t\/index.php?rest_route=\/wp\/v2\/posts\/5980\/revisions\/5982"}],"wp:featuredmedia":[{"embeddable":true,"href":"https:\/\/wgphoto.pl\/t\/index.php?rest_route=\/wp\/v2\/media\/5981"}],"wp:attachment":[{"href":"https:\/\/wgphoto.pl\/t\/index.php?rest_route=%2Fwp%2Fv2%2Fmedia&parent=5980"}],"wp:term":[{"taxonomy":"category","embeddable":true,"href":"https:\/\/wgphoto.pl\/t\/index.php?rest_route=%2Fwp%2Fv2%2Fcategories&post=5980"},{"taxonomy":"post_tag","embeddable":true,"href":"https:\/\/wgphoto.pl\/t\/index.php?rest_route=%2Fwp%2Fv2%2Ftags&post=5980"}],"curies":[{"name":"wp","href":"https:\/\/api.w.org\/{rel}","templated":true}]}}