{"id":5983,"date":"2024-11-16T18:15:44","date_gmt":"2024-11-16T17:15:44","guid":{"rendered":"https:\/\/wgphoto.pl\/t\/?p=5983"},"modified":"2024-11-16T18:15:44","modified_gmt":"2024-11-16T17:15:44","slug":"lekkie-zagubienie","status":"publish","type":"post","link":"https:\/\/wgphoto.pl\/t\/?p=5983","title":{"rendered":"Lekkie zagubienie"},"content":{"rendered":"\n<figure class=\"wp-block-image aligncenter size-full\"><img loading=\"lazy\" decoding=\"async\" width=\"1300\" height=\"870\" src=\"https:\/\/wgphoto.pl\/t\/wp-content\/uploads\/2024\/11\/IMGP1575.jpg\" alt=\"\" class=\"wp-image-5984\" srcset=\"https:\/\/wgphoto.pl\/t\/wp-content\/uploads\/2024\/11\/IMGP1575.jpg 1300w, https:\/\/wgphoto.pl\/t\/wp-content\/uploads\/2024\/11\/IMGP1575-300x201.jpg 300w, https:\/\/wgphoto.pl\/t\/wp-content\/uploads\/2024\/11\/IMGP1575-768x514.jpg 768w\" sizes=\"auto, (max-width: 1300px) 100vw, 1300px\" \/><\/figure>\n\n\n\n<div class=\"wp-block-group has-global-padding is-layout-constrained wp-block-group-is-layout-constrained\">\n<p>Troch\u0119 si\u0119 nie mog\u0119 odnale\u017a\u0107 na mapie Warszawy, ale to chyba b\u0119dzie ul. Wo\u0142oska, tylko obecnie na pierwszym planie znajduj\u0105 si\u0119 dodatkowe trzy pasy ruchu. S\u0142o\u0144ce nie chcia\u0142o tu wsp\u00f3\u0142pracowa\u0107 i skajlajn niestety znalaz\u0142 si\u0119 w cieniu. 21.06.2011<\/p>\n<\/div>\n","protected":false},"excerpt":{"rendered":"<p>Troch\u0119 si\u0119 nie mog\u0119 odnale\u017a\u0107 na mapie Warszawy, ale to chyba b\u0119dzie ul. Wo\u0142oska, tylko obecnie na pierwszym planie znajduj\u0105 si\u0119 dodatkowe trzy pasy ruchu. S\u0142o\u0144ce nie chcia\u0142o tu wsp\u00f3\u0142pracowa\u0107 i skajlajn niestety znalaz\u0142 si\u0119 w cieniu. 21.06.2011<\/p>\n","protected":false},"author":1,"featured_media":5984,"comment_status":"open","ping_status":"","sticky":false,"template":"","format":"standard","meta":{"footnotes":""},"categories":[77,3],"tags":[2261,1895,27,953,954],"class_list":["post-5983","post","type-post","status-publish","format-standard","has-post-thumbnail","hentry","category-rok-2011","category-tramwaj","tag-2011-06-21","tag-konstal-13n","tag-polska","tag-tramwaje-warszawskie","tag-warszawa"],"_links":{"self":[{"href":"https:\/\/wgphoto.pl\/t\/index.php?rest_route=\/wp\/v2\/posts\/5983","targetHints":{"allow":["GET"]}}],"collection":[{"href":"https:\/\/wgphoto.pl\/t\/index.php?rest_route=\/wp\/v2\/posts"}],"about":[{"href":"https:\/\/wgphoto.pl\/t\/index.php?rest_route=\/wp\/v2\/types\/post"}],"author":[{"embeddable":true,"href":"https:\/\/wgphoto.pl\/t\/index.php?rest_route=\/wp\/v2\/users\/1"}],"replies":[{"embeddable":true,"href":"https:\/\/wgphoto.pl\/t\/index.php?rest_route=%2Fwp%2Fv2%2Fcomments&post=5983"}],"version-history":[{"count":1,"href":"https:\/\/wgphoto.pl\/t\/index.php?rest_route=\/wp\/v2\/posts\/5983\/revisions"}],"predecessor-version":[{"id":5985,"href":"https:\/\/wgphoto.pl\/t\/index.php?rest_route=\/wp\/v2\/posts\/5983\/revisions\/5985"}],"wp:featuredmedia":[{"embeddable":true,"href":"https:\/\/wgphoto.pl\/t\/index.php?rest_route=\/wp\/v2\/media\/5984"}],"wp:attachment":[{"href":"https:\/\/wgphoto.pl\/t\/index.php?rest_route=%2Fwp%2Fv2%2Fmedia&parent=5983"}],"wp:term":[{"taxonomy":"category","embeddable":true,"href":"https:\/\/wgphoto.pl\/t\/index.php?rest_route=%2Fwp%2Fv2%2Fcategories&post=5983"},{"taxonomy":"post_tag","embeddable":true,"href":"https:\/\/wgphoto.pl\/t\/index.php?rest_route=%2Fwp%2Fv2%2Ftags&post=5983"}],"curies":[{"name":"wp","href":"https:\/\/api.w.org\/{rel}","templated":true}]}}