{"id":5986,"date":"2024-11-16T18:16:46","date_gmt":"2024-11-16T17:16:46","guid":{"rendered":"https:\/\/wgphoto.pl\/t\/?p=5986"},"modified":"2024-11-16T18:16:46","modified_gmt":"2024-11-16T17:16:46","slug":"bo-kazde-miasto-ma-swoje-centrum","status":"publish","type":"post","link":"https:\/\/wgphoto.pl\/t\/?p=5986","title":{"rendered":"Bo ka\u017cde miasto ma swoje centrum"},"content":{"rendered":"\n<figure class=\"wp-block-image aligncenter size-full\"><img loading=\"lazy\" decoding=\"async\" width=\"1300\" height=\"870\" src=\"https:\/\/wgphoto.pl\/t\/wp-content\/uploads\/2024\/11\/IMGP1679.jpg\" alt=\"\" class=\"wp-image-5987\" srcset=\"https:\/\/wgphoto.pl\/t\/wp-content\/uploads\/2024\/11\/IMGP1679.jpg 1300w, https:\/\/wgphoto.pl\/t\/wp-content\/uploads\/2024\/11\/IMGP1679-300x201.jpg 300w, https:\/\/wgphoto.pl\/t\/wp-content\/uploads\/2024\/11\/IMGP1679-768x514.jpg 768w\" sizes=\"auto, (max-width: 1300px) 100vw, 1300px\" \/><\/figure>\n\n\n\n<div class=\"wp-block-group has-global-padding is-layout-constrained wp-block-group-is-layout-constrained\">\n<p>\u2026a w stolicy jest ono tak ma\u0142e, \u017ce z powodzeniem mo\u017cna tak nazwa\u0107 jeden w\u0119ze\u0142 przesiadkowy. \ud83d\ude09 Wiem \u017ce Metrowagonmasz si\u0119 poruszy\u0142, ale to by\u0142 max mo\u017cliwo\u015bci w tym \u015bwietle (maksymalne iso aparatu, minimalna przes\u0142ona obiektywu), a foto i tak jest cenne, bo chyba nie mam innego z klasycznym przodem takiego pojazdu. 21.06.2011<\/p>\n<\/div>\n","protected":false},"excerpt":{"rendered":"<p>\u2026a w stolicy jest ono tak ma\u0142e, \u017ce z powodzeniem mo\u017cna tak nazwa\u0107 jeden w\u0119ze\u0142 przesiadkowy. \ud83d\ude09 Wiem \u017ce Metrowagonmasz si\u0119 poruszy\u0142, ale to by\u0142 max mo\u017cliwo\u015bci w tym \u015bwietle (maksymalne iso aparatu, minimalna przes\u0142ona obiektywu), a foto i tak jest cenne, bo chyba nie mam innego z klasycznym przodem takiego pojazdu. 21.06.2011<\/p>\n","protected":false},"author":1,"featured_media":5987,"comment_status":"open","ping_status":"","sticky":false,"template":"","format":"standard","meta":{"footnotes":""},"categories":[4,77],"tags":[2261,151,2262,27,15,954,1506],"class_list":["post-5986","post","type-post","status-publish","format-standard","has-post-thumbnail","hentry","category-metro","category-rok-2011","tag-2011-06-21","tag-ludzie","tag-metro-warszawskie","tag-polska","tag-tunel","tag-warszawa","tag-1506"],"_links":{"self":[{"href":"https:\/\/wgphoto.pl\/t\/index.php?rest_route=\/wp\/v2\/posts\/5986","targetHints":{"allow":["GET"]}}],"collection":[{"href":"https:\/\/wgphoto.pl\/t\/index.php?rest_route=\/wp\/v2\/posts"}],"about":[{"href":"https:\/\/wgphoto.pl\/t\/index.php?rest_route=\/wp\/v2\/types\/post"}],"author":[{"embeddable":true,"href":"https:\/\/wgphoto.pl\/t\/index.php?rest_route=\/wp\/v2\/users\/1"}],"replies":[{"embeddable":true,"href":"https:\/\/wgphoto.pl\/t\/index.php?rest_route=%2Fwp%2Fv2%2Fcomments&post=5986"}],"version-history":[{"count":1,"href":"https:\/\/wgphoto.pl\/t\/index.php?rest_route=\/wp\/v2\/posts\/5986\/revisions"}],"predecessor-version":[{"id":5988,"href":"https:\/\/wgphoto.pl\/t\/index.php?rest_route=\/wp\/v2\/posts\/5986\/revisions\/5988"}],"wp:featuredmedia":[{"embeddable":true,"href":"https:\/\/wgphoto.pl\/t\/index.php?rest_route=\/wp\/v2\/media\/5987"}],"wp:attachment":[{"href":"https:\/\/wgphoto.pl\/t\/index.php?rest_route=%2Fwp%2Fv2%2Fmedia&parent=5986"}],"wp:term":[{"taxonomy":"category","embeddable":true,"href":"https:\/\/wgphoto.pl\/t\/index.php?rest_route=%2Fwp%2Fv2%2Fcategories&post=5986"},{"taxonomy":"post_tag","embeddable":true,"href":"https:\/\/wgphoto.pl\/t\/index.php?rest_route=%2Fwp%2Fv2%2Ftags&post=5986"}],"curies":[{"name":"wp","href":"https:\/\/api.w.org\/{rel}","templated":true}]}}