{"id":5989,"date":"2024-11-16T18:17:48","date_gmt":"2024-11-16T17:17:48","guid":{"rendered":"https:\/\/wgphoto.pl\/t\/?p=5989"},"modified":"2024-11-16T18:17:48","modified_gmt":"2024-11-16T17:17:48","slug":"ze-stolicy-na-prowincje","status":"publish","type":"post","link":"https:\/\/wgphoto.pl\/t\/?p=5989","title":{"rendered":"Ze stolicy na prowincj\u0119"},"content":{"rendered":"\n<figure class=\"wp-block-image aligncenter size-full\"><img loading=\"lazy\" decoding=\"async\" width=\"1300\" height=\"870\" src=\"https:\/\/wgphoto.pl\/t\/wp-content\/uploads\/2024\/11\/IMGP1510.jpg\" alt=\"\" class=\"wp-image-5990\" srcset=\"https:\/\/wgphoto.pl\/t\/wp-content\/uploads\/2024\/11\/IMGP1510.jpg 1300w, https:\/\/wgphoto.pl\/t\/wp-content\/uploads\/2024\/11\/IMGP1510-300x201.jpg 300w, https:\/\/wgphoto.pl\/t\/wp-content\/uploads\/2024\/11\/IMGP1510-768x514.jpg 768w\" sizes=\"auto, (max-width: 1300px) 100vw, 1300px\" \/><\/figure>\n\n\n\n<div class=\"wp-block-group has-global-padding is-layout-constrained wp-block-group-is-layout-constrained\">\n<p>Sk\u0142ad WKD w drodze z Warszawy do Grodziska odjecha\u0142 najprawdopodobniej z przystanku Opacz. Tak\u0105 lokalizacj\u0119 obstawiam, bo tam si\u0119 ko\u0144czy pierwsza strefa biletu ZTM, a innego biletu raczej nie mia\u0142em. 21.06.2011<\/p>\n<\/div>\n","protected":false},"excerpt":{"rendered":"<p>Sk\u0142ad WKD w drodze z Warszawy do Grodziska odjecha\u0142 najprawdopodobniej z przystanku Opacz. Tak\u0105 lokalizacj\u0119 obstawiam, bo tam si\u0119 ko\u0144czy pierwsza strefa biletu ZTM, a innego biletu raczej nie mia\u0142em. 21.06.2011<\/p>\n","protected":false},"author":1,"featured_media":5990,"comment_status":"open","ping_status":"","sticky":false,"template":"","format":"standard","meta":{"footnotes":""},"categories":[2,77],"tags":[2261,2263,1374,173,2265,118,27,954,2264],"class_list":["post-5989","post","type-post","status-publish","format-standard","has-post-thumbnail","hentry","category-kolej","category-rok-2011","tag-2011-06-21","tag-en94","tag-kolej-podmiejska","tag-koncowki","tag-opacz","tag-plany-i-profile","tag-polska","tag-warszawa","tag-wkd"],"_links":{"self":[{"href":"https:\/\/wgphoto.pl\/t\/index.php?rest_route=\/wp\/v2\/posts\/5989","targetHints":{"allow":["GET"]}}],"collection":[{"href":"https:\/\/wgphoto.pl\/t\/index.php?rest_route=\/wp\/v2\/posts"}],"about":[{"href":"https:\/\/wgphoto.pl\/t\/index.php?rest_route=\/wp\/v2\/types\/post"}],"author":[{"embeddable":true,"href":"https:\/\/wgphoto.pl\/t\/index.php?rest_route=\/wp\/v2\/users\/1"}],"replies":[{"embeddable":true,"href":"https:\/\/wgphoto.pl\/t\/index.php?rest_route=%2Fwp%2Fv2%2Fcomments&post=5989"}],"version-history":[{"count":1,"href":"https:\/\/wgphoto.pl\/t\/index.php?rest_route=\/wp\/v2\/posts\/5989\/revisions"}],"predecessor-version":[{"id":5991,"href":"https:\/\/wgphoto.pl\/t\/index.php?rest_route=\/wp\/v2\/posts\/5989\/revisions\/5991"}],"wp:featuredmedia":[{"embeddable":true,"href":"https:\/\/wgphoto.pl\/t\/index.php?rest_route=\/wp\/v2\/media\/5990"}],"wp:attachment":[{"href":"https:\/\/wgphoto.pl\/t\/index.php?rest_route=%2Fwp%2Fv2%2Fmedia&parent=5989"}],"wp:term":[{"taxonomy":"category","embeddable":true,"href":"https:\/\/wgphoto.pl\/t\/index.php?rest_route=%2Fwp%2Fv2%2Fcategories&post=5989"},{"taxonomy":"post_tag","embeddable":true,"href":"https:\/\/wgphoto.pl\/t\/index.php?rest_route=%2Fwp%2Fv2%2Ftags&post=5989"}],"curies":[{"name":"wp","href":"https:\/\/api.w.org\/{rel}","templated":true}]}}