{"id":5992,"date":"2024-11-16T18:18:49","date_gmt":"2024-11-16T17:18:49","guid":{"rendered":"https:\/\/wgphoto.pl\/t\/?p=5992"},"modified":"2024-11-16T18:18:49","modified_gmt":"2024-11-16T17:18:49","slug":"o-rozmnozeniu-inwentarza","status":"publish","type":"post","link":"https:\/\/wgphoto.pl\/t\/?p=5992","title":{"rendered":"O rozmno\u017ceniu inwentarza"},"content":{"rendered":"\n<figure class=\"wp-block-image aligncenter size-full\"><img loading=\"lazy\" decoding=\"async\" width=\"1300\" height=\"867\" src=\"https:\/\/wgphoto.pl\/t\/wp-content\/uploads\/2024\/11\/0301-33.jpg\" alt=\"\" class=\"wp-image-5993\" srcset=\"https:\/\/wgphoto.pl\/t\/wp-content\/uploads\/2024\/11\/0301-33.jpg 1300w, https:\/\/wgphoto.pl\/t\/wp-content\/uploads\/2024\/11\/0301-33-300x200.jpg 300w, https:\/\/wgphoto.pl\/t\/wp-content\/uploads\/2024\/11\/0301-33-768x512.jpg 768w\" sizes=\"auto, (max-width: 1300px) 100vw, 1300px\" \/><\/figure>\n\n\n\n<div class=\"wp-block-group has-global-padding is-layout-constrained wp-block-group-is-layout-constrained\">\n<p>EU07-172 na stacji Wroc\u0142aw G\u0142\u00f3wny. Nie jest to fotomonta\u017c, lecz pierwsze, nie\u015bmia\u0142e pr\u00f3by stosowania wielokrotnej ekspozycji, bez live wiev i z efektami widocznymi dopiero za kilka dni. 20.01.2003<\/p>\n<\/div>\n","protected":false},"excerpt":{"rendered":"<p>EU07-172 na stacji Wroc\u0142aw G\u0142\u00f3wny. Nie jest to fotomonta\u017c, lecz pierwsze, nie\u015bmia\u0142e pr\u00f3by stosowania wielokrotnej ekspozycji, bez live wiev i z efektami widocznymi dopiero za kilka dni. 20.01.2003<\/p>\n","protected":false},"author":1,"featured_media":5993,"comment_status":"open","ping_status":"","sticky":false,"template":"","format":"standard","meta":{"footnotes":""},"categories":[62,2,149],"tags":[2266,122,154,63,27,41,180],"class_list":["post-5992","post","type-post","status-publish","format-standard","has-post-thumbnail","hentry","category-analog","category-kolej","category-rok-2003","tag-2003-01-20","tag-eu07","tag-noc","tag-pkp","tag-polska","tag-wroclaw","tag-wroclaw-glowny"],"_links":{"self":[{"href":"https:\/\/wgphoto.pl\/t\/index.php?rest_route=\/wp\/v2\/posts\/5992","targetHints":{"allow":["GET"]}}],"collection":[{"href":"https:\/\/wgphoto.pl\/t\/index.php?rest_route=\/wp\/v2\/posts"}],"about":[{"href":"https:\/\/wgphoto.pl\/t\/index.php?rest_route=\/wp\/v2\/types\/post"}],"author":[{"embeddable":true,"href":"https:\/\/wgphoto.pl\/t\/index.php?rest_route=\/wp\/v2\/users\/1"}],"replies":[{"embeddable":true,"href":"https:\/\/wgphoto.pl\/t\/index.php?rest_route=%2Fwp%2Fv2%2Fcomments&post=5992"}],"version-history":[{"count":1,"href":"https:\/\/wgphoto.pl\/t\/index.php?rest_route=\/wp\/v2\/posts\/5992\/revisions"}],"predecessor-version":[{"id":5994,"href":"https:\/\/wgphoto.pl\/t\/index.php?rest_route=\/wp\/v2\/posts\/5992\/revisions\/5994"}],"wp:featuredmedia":[{"embeddable":true,"href":"https:\/\/wgphoto.pl\/t\/index.php?rest_route=\/wp\/v2\/media\/5993"}],"wp:attachment":[{"href":"https:\/\/wgphoto.pl\/t\/index.php?rest_route=%2Fwp%2Fv2%2Fmedia&parent=5992"}],"wp:term":[{"taxonomy":"category","embeddable":true,"href":"https:\/\/wgphoto.pl\/t\/index.php?rest_route=%2Fwp%2Fv2%2Fcategories&post=5992"},{"taxonomy":"post_tag","embeddable":true,"href":"https:\/\/wgphoto.pl\/t\/index.php?rest_route=%2Fwp%2Fv2%2Ftags&post=5992"}],"curies":[{"name":"wp","href":"https:\/\/api.w.org\/{rel}","templated":true}]}}