{"id":5995,"date":"2024-11-16T18:19:43","date_gmt":"2024-11-16T17:19:43","guid":{"rendered":"https:\/\/wgphoto.pl\/t\/?p=5995"},"modified":"2024-11-16T18:19:43","modified_gmt":"2024-11-16T17:19:43","slug":"eu07-172-wroclaw-glowny","status":"publish","type":"post","link":"https:\/\/wgphoto.pl\/t\/?p=5995","title":{"rendered":"EU07-172, Wroc\u0142aw G\u0142\u00f3wny"},"content":{"rendered":"\n<figure class=\"wp-block-image aligncenter size-full\"><img loading=\"lazy\" decoding=\"async\" width=\"1300\" height=\"867\" src=\"https:\/\/wgphoto.pl\/t\/wp-content\/uploads\/2024\/11\/0301-34.jpg\" alt=\"\" class=\"wp-image-5996\" srcset=\"https:\/\/wgphoto.pl\/t\/wp-content\/uploads\/2024\/11\/0301-34.jpg 1300w, https:\/\/wgphoto.pl\/t\/wp-content\/uploads\/2024\/11\/0301-34-300x200.jpg 300w, https:\/\/wgphoto.pl\/t\/wp-content\/uploads\/2024\/11\/0301-34-768x512.jpg 768w\" sizes=\"auto, (max-width: 1300px) 100vw, 1300px\" \/><\/figure>\n\n\n\n<div class=\"wp-block-group has-global-padding is-layout-constrained wp-block-group-is-layout-constrained\">\n<p>Tytu\u0142owa maszyna oczekuje na zatrudnienie na \u017ceberku przy ko\u0144cu trzeciego peronu, zwyczajowo wykorzystywanym w\u00f3wczas do tego celu przez krakowskie lokomotywy. 20.01.2003<\/p>\n<\/div>\n","protected":false},"excerpt":{"rendered":"<p>Tytu\u0142owa maszyna oczekuje na zatrudnienie na \u017ceberku przy ko\u0144cu trzeciego peronu, zwyczajowo wykorzystywanym w\u00f3wczas do tego celu przez krakowskie lokomotywy. 20.01.2003<\/p>\n","protected":false},"author":1,"featured_media":5996,"comment_status":"open","ping_status":"","sticky":false,"template":"","format":"standard","meta":{"footnotes":""},"categories":[62,2,149],"tags":[2266,122,179,154,63,27,90,41,180],"class_list":["post-5995","post","type-post","status-publish","format-standard","has-post-thumbnail","hentry","category-analog","category-kolej","category-rok-2003","tag-2003-01-20","tag-eu07","tag-hala-peronowa","tag-noc","tag-pkp","tag-polska","tag-wieczorem","tag-wroclaw","tag-wroclaw-glowny"],"_links":{"self":[{"href":"https:\/\/wgphoto.pl\/t\/index.php?rest_route=\/wp\/v2\/posts\/5995","targetHints":{"allow":["GET"]}}],"collection":[{"href":"https:\/\/wgphoto.pl\/t\/index.php?rest_route=\/wp\/v2\/posts"}],"about":[{"href":"https:\/\/wgphoto.pl\/t\/index.php?rest_route=\/wp\/v2\/types\/post"}],"author":[{"embeddable":true,"href":"https:\/\/wgphoto.pl\/t\/index.php?rest_route=\/wp\/v2\/users\/1"}],"replies":[{"embeddable":true,"href":"https:\/\/wgphoto.pl\/t\/index.php?rest_route=%2Fwp%2Fv2%2Fcomments&post=5995"}],"version-history":[{"count":1,"href":"https:\/\/wgphoto.pl\/t\/index.php?rest_route=\/wp\/v2\/posts\/5995\/revisions"}],"predecessor-version":[{"id":5997,"href":"https:\/\/wgphoto.pl\/t\/index.php?rest_route=\/wp\/v2\/posts\/5995\/revisions\/5997"}],"wp:featuredmedia":[{"embeddable":true,"href":"https:\/\/wgphoto.pl\/t\/index.php?rest_route=\/wp\/v2\/media\/5996"}],"wp:attachment":[{"href":"https:\/\/wgphoto.pl\/t\/index.php?rest_route=%2Fwp%2Fv2%2Fmedia&parent=5995"}],"wp:term":[{"taxonomy":"category","embeddable":true,"href":"https:\/\/wgphoto.pl\/t\/index.php?rest_route=%2Fwp%2Fv2%2Fcategories&post=5995"},{"taxonomy":"post_tag","embeddable":true,"href":"https:\/\/wgphoto.pl\/t\/index.php?rest_route=%2Fwp%2Fv2%2Ftags&post=5995"}],"curies":[{"name":"wp","href":"https:\/\/api.w.org\/{rel}","templated":true}]}}