{"id":5998,"date":"2024-11-16T18:20:50","date_gmt":"2024-11-16T17:20:50","guid":{"rendered":"https:\/\/wgphoto.pl\/t\/?p=5998"},"modified":"2024-11-16T18:20:50","modified_gmt":"2024-11-16T17:20:50","slug":"oerlikon","status":"publish","type":"post","link":"https:\/\/wgphoto.pl\/t\/?p=5998","title":{"rendered":"Oerlikon"},"content":{"rendered":"\n<figure class=\"wp-block-image aligncenter size-full\"><img loading=\"lazy\" decoding=\"async\" width=\"1300\" height=\"861\" src=\"https:\/\/wgphoto.pl\/t\/wp-content\/uploads\/2024\/11\/IMGP8574-1.jpg\" alt=\"\" class=\"wp-image-5999\" srcset=\"https:\/\/wgphoto.pl\/t\/wp-content\/uploads\/2024\/11\/IMGP8574-1.jpg 1300w, https:\/\/wgphoto.pl\/t\/wp-content\/uploads\/2024\/11\/IMGP8574-1-300x199.jpg 300w, https:\/\/wgphoto.pl\/t\/wp-content\/uploads\/2024\/11\/IMGP8574-1-768x509.jpg 768w\" sizes=\"auto, (max-width: 1300px) 100vw, 1300px\" \/><\/figure>\n\n\n\n<div class=\"wp-block-group has-global-padding is-layout-constrained wp-block-group-is-layout-constrained\">\n<p>Zurych, Sternen Oerlikon. Zestaw wagon\u00f3w Be 4\/6 2056+2301, spo\u015br\u00f3d kt\u00f3rych drugi jest doczep\u0105 czynn\u0105, przemierza ulice dzielnicy o nazwie znanej z produkcji uzbrojenia albo zawor\u00f3w hamulcowych stosowanych na kolei. 27.03.2018<\/p>\n<\/div>\n","protected":false},"excerpt":{"rendered":"<p>Zurych, Sternen Oerlikon. Zestaw wagon\u00f3w Be 4\/6 2056+2301, spo\u015br\u00f3d kt\u00f3rych drugi jest doczep\u0105 czynn\u0105, przemierza ulice dzielnicy o nazwie znanej z produkcji uzbrojenia albo zawor\u00f3w hamulcowych stosowanych na kolei. 27.03.2018<\/p>\n","protected":false},"author":1,"featured_media":5999,"comment_status":"open","ping_status":"","sticky":false,"template":"","format":"standard","meta":{"footnotes":""},"categories":[156,3],"tags":[545,34,143,1423,183,186,542,543],"class_list":["post-5998","post","type-post","status-publish","format-standard","has-post-thumbnail","hentry","category-rok-2018","category-tramwaj","tag-2018-03-27","tag-architektura","tag-ponad-30m","tag-schindler-be","tag-suissetrip-2018","tag-szwajcaria","tag-vbz-zurich","tag-zurych"],"_links":{"self":[{"href":"https:\/\/wgphoto.pl\/t\/index.php?rest_route=\/wp\/v2\/posts\/5998","targetHints":{"allow":["GET"]}}],"collection":[{"href":"https:\/\/wgphoto.pl\/t\/index.php?rest_route=\/wp\/v2\/posts"}],"about":[{"href":"https:\/\/wgphoto.pl\/t\/index.php?rest_route=\/wp\/v2\/types\/post"}],"author":[{"embeddable":true,"href":"https:\/\/wgphoto.pl\/t\/index.php?rest_route=\/wp\/v2\/users\/1"}],"replies":[{"embeddable":true,"href":"https:\/\/wgphoto.pl\/t\/index.php?rest_route=%2Fwp%2Fv2%2Fcomments&post=5998"}],"version-history":[{"count":1,"href":"https:\/\/wgphoto.pl\/t\/index.php?rest_route=\/wp\/v2\/posts\/5998\/revisions"}],"predecessor-version":[{"id":6000,"href":"https:\/\/wgphoto.pl\/t\/index.php?rest_route=\/wp\/v2\/posts\/5998\/revisions\/6000"}],"wp:featuredmedia":[{"embeddable":true,"href":"https:\/\/wgphoto.pl\/t\/index.php?rest_route=\/wp\/v2\/media\/5999"}],"wp:attachment":[{"href":"https:\/\/wgphoto.pl\/t\/index.php?rest_route=%2Fwp%2Fv2%2Fmedia&parent=5998"}],"wp:term":[{"taxonomy":"category","embeddable":true,"href":"https:\/\/wgphoto.pl\/t\/index.php?rest_route=%2Fwp%2Fv2%2Fcategories&post=5998"},{"taxonomy":"post_tag","embeddable":true,"href":"https:\/\/wgphoto.pl\/t\/index.php?rest_route=%2Fwp%2Fv2%2Ftags&post=5998"}],"curies":[{"name":"wp","href":"https:\/\/api.w.org\/{rel}","templated":true}]}}