{"id":6004,"date":"2024-11-16T18:23:06","date_gmt":"2024-11-16T17:23:06","guid":{"rendered":"https:\/\/wgphoto.pl\/t\/?p=6004"},"modified":"2024-11-16T18:23:06","modified_gmt":"2024-11-16T17:23:06","slug":"su45-154","status":"publish","type":"post","link":"https:\/\/wgphoto.pl\/t\/?p=6004","title":{"rendered":"SU45-154"},"content":{"rendered":"\n<figure class=\"wp-block-image aligncenter size-full\"><img loading=\"lazy\" decoding=\"async\" width=\"1300\" height=\"867\" src=\"https:\/\/wgphoto.pl\/t\/wp-content\/uploads\/2024\/11\/0410-31.jpg\" alt=\"\" class=\"wp-image-6005\" srcset=\"https:\/\/wgphoto.pl\/t\/wp-content\/uploads\/2024\/11\/0410-31.jpg 1300w, https:\/\/wgphoto.pl\/t\/wp-content\/uploads\/2024\/11\/0410-31-300x200.jpg 300w, https:\/\/wgphoto.pl\/t\/wp-content\/uploads\/2024\/11\/0410-31-768x512.jpg 768w\" sizes=\"auto, (max-width: 1300px) 100vw, 1300px\" \/><\/figure>\n\n\n\n<div class=\"wp-block-group has-global-padding is-layout-constrained wp-block-group-is-layout-constrained\">\n<p>Tytu\u0142owa maszyna niedawno zmieni\u0142\u0105 przydzia\u0142 z wroc\u0142awskiego na nowos\u0105decki Zak\u0142ad Taboru. Na wschodzie zatrudniana by\u0142a do obs\u0142ugi poci\u0105g\u00f3w pospiesznych mi\u0119dzy Zag\u00f3rzem a Rzeszowem, gdzie zosta\u0142a sfotografowana. 10.07.2004<\/p>\n<\/div>\n","protected":false},"excerpt":{"rendered":"<p>Tytu\u0142owa maszyna niedawno zmieni\u0142\u0105 przydzia\u0142 z wroc\u0142awskiego na nowos\u0105decki Zak\u0142ad Taboru. Na wschodzie zatrudniana by\u0142a do obs\u0142ugi poci\u0105g\u00f3w pospiesznych mi\u0119dzy Zag\u00f3rzem a Rzeszowem, gdzie zosta\u0142a sfotografowana. 10.07.2004<\/p>\n","protected":false},"author":1,"featured_media":6005,"comment_status":"open","ping_status":"","sticky":false,"template":"","format":"standard","meta":{"footnotes":""},"categories":[62,2,61],"tags":[849,162,154,63,27,251,290,90],"class_list":["post-6004","post","type-post","status-publish","format-standard","has-post-thumbnail","hentry","category-analog","category-kolej","category-rok-2004","tag-2004-07-10","tag-niebo","tag-noc","tag-pkp","tag-polska","tag-rzeszow","tag-su45","tag-wieczorem"],"_links":{"self":[{"href":"https:\/\/wgphoto.pl\/t\/index.php?rest_route=\/wp\/v2\/posts\/6004","targetHints":{"allow":["GET"]}}],"collection":[{"href":"https:\/\/wgphoto.pl\/t\/index.php?rest_route=\/wp\/v2\/posts"}],"about":[{"href":"https:\/\/wgphoto.pl\/t\/index.php?rest_route=\/wp\/v2\/types\/post"}],"author":[{"embeddable":true,"href":"https:\/\/wgphoto.pl\/t\/index.php?rest_route=\/wp\/v2\/users\/1"}],"replies":[{"embeddable":true,"href":"https:\/\/wgphoto.pl\/t\/index.php?rest_route=%2Fwp%2Fv2%2Fcomments&post=6004"}],"version-history":[{"count":1,"href":"https:\/\/wgphoto.pl\/t\/index.php?rest_route=\/wp\/v2\/posts\/6004\/revisions"}],"predecessor-version":[{"id":6006,"href":"https:\/\/wgphoto.pl\/t\/index.php?rest_route=\/wp\/v2\/posts\/6004\/revisions\/6006"}],"wp:featuredmedia":[{"embeddable":true,"href":"https:\/\/wgphoto.pl\/t\/index.php?rest_route=\/wp\/v2\/media\/6005"}],"wp:attachment":[{"href":"https:\/\/wgphoto.pl\/t\/index.php?rest_route=%2Fwp%2Fv2%2Fmedia&parent=6004"}],"wp:term":[{"taxonomy":"category","embeddable":true,"href":"https:\/\/wgphoto.pl\/t\/index.php?rest_route=%2Fwp%2Fv2%2Fcategories&post=6004"},{"taxonomy":"post_tag","embeddable":true,"href":"https:\/\/wgphoto.pl\/t\/index.php?rest_route=%2Fwp%2Fv2%2Ftags&post=6004"}],"curies":[{"name":"wp","href":"https:\/\/api.w.org\/{rel}","templated":true}]}}