{"id":6007,"date":"2024-11-16T19:36:53","date_gmt":"2024-11-16T18:36:53","guid":{"rendered":"https:\/\/wgphoto.pl\/t\/?p=6007"},"modified":"2024-11-16T19:36:53","modified_gmt":"2024-11-16T18:36:53","slug":"litovel-predmesti","status":"publish","type":"post","link":"https:\/\/wgphoto.pl\/t\/?p=6007","title":{"rendered":"Litovel p\u0159edm\u011bst\u00ed"},"content":{"rendered":"\n<figure class=\"wp-block-image aligncenter size-full\"><img loading=\"lazy\" decoding=\"async\" width=\"1300\" height=\"870\" src=\"https:\/\/wgphoto.pl\/t\/wp-content\/uploads\/2024\/11\/IMGP5795.jpg\" alt=\"\" class=\"wp-image-6008\" srcset=\"https:\/\/wgphoto.pl\/t\/wp-content\/uploads\/2024\/11\/IMGP5795.jpg 1300w, https:\/\/wgphoto.pl\/t\/wp-content\/uploads\/2024\/11\/IMGP5795-300x201.jpg 300w, https:\/\/wgphoto.pl\/t\/wp-content\/uploads\/2024\/11\/IMGP5795-768x514.jpg 768w\" sizes=\"auto, (max-width: 1300px) 100vw, 1300px\" \/><\/figure>\n\n\n\n<div class=\"wp-block-group has-global-padding is-layout-constrained wp-block-group-is-layout-constrained\">\n<p>Motorak 810.050-5 jako pocig osobowy 14076 do \u010cervenky krzy\u017cuje z 810.121-4 jad\u0105cym w planie 14079 \u010cervenka &#8211; Prost\u011bjov hl.n. 14.08.2010<\/p>\n<\/div>\n","protected":false},"excerpt":{"rendered":"<p>Motorak 810.050-5 jako pocig osobowy 14076 do \u010cervenky krzy\u017cuje z 810.121-4 jad\u0105cym w planie 14079 \u010cervenka &#8211; Prost\u011bjov hl.n. 14.08.2010<\/p>\n","protected":false},"author":1,"featured_media":6008,"comment_status":"open","ping_status":"","sticky":false,"template":"","format":"standard","meta":{"footnotes":""},"categories":[2,86],"tags":[1799,92,50,49,196,2268,389,2269],"class_list":["post-6007","post","type-post","status-publish","format-standard","has-post-thumbnail","hentry","category-kolej","category-rok-2010","tag-2010-08-14","tag-92","tag-cd","tag-czechy","tag-linie-raczej-lokalne","tag-litovel-predmesti","tag-mijanka","tag-tab-cz273"],"_links":{"self":[{"href":"https:\/\/wgphoto.pl\/t\/index.php?rest_route=\/wp\/v2\/posts\/6007","targetHints":{"allow":["GET"]}}],"collection":[{"href":"https:\/\/wgphoto.pl\/t\/index.php?rest_route=\/wp\/v2\/posts"}],"about":[{"href":"https:\/\/wgphoto.pl\/t\/index.php?rest_route=\/wp\/v2\/types\/post"}],"author":[{"embeddable":true,"href":"https:\/\/wgphoto.pl\/t\/index.php?rest_route=\/wp\/v2\/users\/1"}],"replies":[{"embeddable":true,"href":"https:\/\/wgphoto.pl\/t\/index.php?rest_route=%2Fwp%2Fv2%2Fcomments&post=6007"}],"version-history":[{"count":1,"href":"https:\/\/wgphoto.pl\/t\/index.php?rest_route=\/wp\/v2\/posts\/6007\/revisions"}],"predecessor-version":[{"id":6009,"href":"https:\/\/wgphoto.pl\/t\/index.php?rest_route=\/wp\/v2\/posts\/6007\/revisions\/6009"}],"wp:featuredmedia":[{"embeddable":true,"href":"https:\/\/wgphoto.pl\/t\/index.php?rest_route=\/wp\/v2\/media\/6008"}],"wp:attachment":[{"href":"https:\/\/wgphoto.pl\/t\/index.php?rest_route=%2Fwp%2Fv2%2Fmedia&parent=6007"}],"wp:term":[{"taxonomy":"category","embeddable":true,"href":"https:\/\/wgphoto.pl\/t\/index.php?rest_route=%2Fwp%2Fv2%2Fcategories&post=6007"},{"taxonomy":"post_tag","embeddable":true,"href":"https:\/\/wgphoto.pl\/t\/index.php?rest_route=%2Fwp%2Fv2%2Ftags&post=6007"}],"curies":[{"name":"wp","href":"https:\/\/api.w.org\/{rel}","templated":true}]}}