{"id":6010,"date":"2024-11-16T19:37:57","date_gmt":"2024-11-16T18:37:57","guid":{"rendered":"https:\/\/wgphoto.pl\/t\/?p=6010"},"modified":"2024-11-16T19:37:57","modified_gmt":"2024-11-16T18:37:57","slug":"tramwaj-pod-kolor-parasola","status":"publish","type":"post","link":"https:\/\/wgphoto.pl\/t\/?p=6010","title":{"rendered":"Tramwaj pod kolor parasola"},"content":{"rendered":"\n<figure class=\"wp-block-image aligncenter size-full\"><img loading=\"lazy\" decoding=\"async\" width=\"750\" height=\"1000\" src=\"https:\/\/wgphoto.pl\/t\/wp-content\/uploads\/2024\/11\/2002d-23.jpg\" alt=\"\" class=\"wp-image-6011\" srcset=\"https:\/\/wgphoto.pl\/t\/wp-content\/uploads\/2024\/11\/2002d-23.jpg 750w, https:\/\/wgphoto.pl\/t\/wp-content\/uploads\/2024\/11\/2002d-23-225x300.jpg 225w\" sizes=\"auto, (max-width: 750px) 100vw, 750px\" \/><\/figure>\n\n\n\n<div class=\"wp-block-group has-global-padding is-layout-constrained wp-block-group-is-layout-constrained\">\n<p>G\u00f6rlitz, Biesnitz Landeskrone, KT4DMC 9. Obecnie funkcjonuje tutaj tr\u00f3jk\u0105t torowy, a na pierwszym planie wida\u0107 zapewne pozosta\u0142o\u015bci dawnego &#8222;weksla&#8221;. 02.03.2002<\/p>\n<\/div>\n","protected":false},"excerpt":{"rendered":"<p>G\u00f6rlitz, Biesnitz Landeskrone, KT4DMC 9. Obecnie funkcjonuje tutaj tr\u00f3jk\u0105t torowy, a na pierwszym planie wida\u0107 zapewne pozosta\u0142o\u015bci dawnego &#8222;weksla&#8221;. 02.03.2002<\/p>\n","protected":false},"author":1,"featured_media":6011,"comment_status":"open","ping_status":"","sticky":false,"template":"","format":"standard","meta":{"footnotes":""},"categories":[62,128,577,3],"tags":[1771,31,23,33,129],"class_list":["post-6010","post","type-post","status-publish","format-standard","has-post-thumbnail","hentry","category-analog","category-pionowe","category-rok-2002","category-tramwaj","tag-2002-03-02","tag-gorlitz","tag-niemcy","tag-tatra-kt4","tag-vgg-gorlitz"],"_links":{"self":[{"href":"https:\/\/wgphoto.pl\/t\/index.php?rest_route=\/wp\/v2\/posts\/6010","targetHints":{"allow":["GET"]}}],"collection":[{"href":"https:\/\/wgphoto.pl\/t\/index.php?rest_route=\/wp\/v2\/posts"}],"about":[{"href":"https:\/\/wgphoto.pl\/t\/index.php?rest_route=\/wp\/v2\/types\/post"}],"author":[{"embeddable":true,"href":"https:\/\/wgphoto.pl\/t\/index.php?rest_route=\/wp\/v2\/users\/1"}],"replies":[{"embeddable":true,"href":"https:\/\/wgphoto.pl\/t\/index.php?rest_route=%2Fwp%2Fv2%2Fcomments&post=6010"}],"version-history":[{"count":1,"href":"https:\/\/wgphoto.pl\/t\/index.php?rest_route=\/wp\/v2\/posts\/6010\/revisions"}],"predecessor-version":[{"id":6012,"href":"https:\/\/wgphoto.pl\/t\/index.php?rest_route=\/wp\/v2\/posts\/6010\/revisions\/6012"}],"wp:featuredmedia":[{"embeddable":true,"href":"https:\/\/wgphoto.pl\/t\/index.php?rest_route=\/wp\/v2\/media\/6011"}],"wp:attachment":[{"href":"https:\/\/wgphoto.pl\/t\/index.php?rest_route=%2Fwp%2Fv2%2Fmedia&parent=6010"}],"wp:term":[{"taxonomy":"category","embeddable":true,"href":"https:\/\/wgphoto.pl\/t\/index.php?rest_route=%2Fwp%2Fv2%2Fcategories&post=6010"},{"taxonomy":"post_tag","embeddable":true,"href":"https:\/\/wgphoto.pl\/t\/index.php?rest_route=%2Fwp%2Fv2%2Ftags&post=6010"}],"curies":[{"name":"wp","href":"https:\/\/api.w.org\/{rel}","templated":true}]}}