{"id":6019,"date":"2024-11-16T19:41:07","date_gmt":"2024-11-16T18:41:07","guid":{"rendered":"https:\/\/wgphoto.pl\/t\/?p=6019"},"modified":"2024-11-16T19:41:07","modified_gmt":"2024-11-16T18:41:07","slug":"nowka-2","status":"publish","type":"post","link":"https:\/\/wgphoto.pl\/t\/?p=6019","title":{"rendered":"N\u00f3wka"},"content":{"rendered":"\n<figure class=\"wp-block-image aligncenter size-full\"><img loading=\"lazy\" decoding=\"async\" width=\"1300\" height=\"867\" src=\"https:\/\/wgphoto.pl\/t\/wp-content\/uploads\/2024\/11\/0901-04.jpg\" alt=\"\" class=\"wp-image-6020\" srcset=\"https:\/\/wgphoto.pl\/t\/wp-content\/uploads\/2024\/11\/0901-04.jpg 1300w, https:\/\/wgphoto.pl\/t\/wp-content\/uploads\/2024\/11\/0901-04-300x200.jpg 300w, https:\/\/wgphoto.pl\/t\/wp-content\/uploads\/2024\/11\/0901-04-768x512.jpg 768w\" sizes=\"auto, (max-width: 1300px) 100vw, 1300px\" \/><\/figure>\n\n\n\n<div class=\"wp-block-group has-global-padding is-layout-constrained wp-block-group-is-layout-constrained\">\n<p>205WrAs 2708 oczekuje na pasa\u017cer\u00f3w na p\u0119tli Biskupin we Wroc\u0142awiu. N\u00f3wk\u0105 (w\u00f3z od miesi\u0105ca w s\u0142u\u017cbie miastu) zawsze jest mi\u0142o po\u015bmiga\u0107. 16.01.2009<\/p>\n<\/div>\n","protected":false},"excerpt":{"rendered":"<p>205WrAs 2708 oczekuje na pasa\u017cer\u00f3w na p\u0119tli Biskupin we Wroc\u0142awiu. N\u00f3wk\u0105 (w\u00f3z od miesi\u0105ca w s\u0142u\u017cbie miastu) zawsze jest mi\u0142o po\u015bmiga\u0107. 16.01.2009<\/p>\n","protected":false},"author":1,"featured_media":6020,"comment_status":"open","ping_status":"","sticky":false,"template":"","format":"standard","meta":{"footnotes":""},"categories":[62,169,3],"tags":[2271,42,154,27,438,1096,44,439,41],"class_list":["post-6019","post","type-post","status-publish","format-standard","has-post-thumbnail","hentry","category-analog","category-rok-2009","category-tramwaj","tag-2009-01-16","tag-mpk-wroclaw","tag-noc","tag-polska","tag-portret-z-petli","tag-protram-205wras","tag-snieg","tag-we-fabryce","tag-wroclaw"],"_links":{"self":[{"href":"https:\/\/wgphoto.pl\/t\/index.php?rest_route=\/wp\/v2\/posts\/6019","targetHints":{"allow":["GET"]}}],"collection":[{"href":"https:\/\/wgphoto.pl\/t\/index.php?rest_route=\/wp\/v2\/posts"}],"about":[{"href":"https:\/\/wgphoto.pl\/t\/index.php?rest_route=\/wp\/v2\/types\/post"}],"author":[{"embeddable":true,"href":"https:\/\/wgphoto.pl\/t\/index.php?rest_route=\/wp\/v2\/users\/1"}],"replies":[{"embeddable":true,"href":"https:\/\/wgphoto.pl\/t\/index.php?rest_route=%2Fwp%2Fv2%2Fcomments&post=6019"}],"version-history":[{"count":1,"href":"https:\/\/wgphoto.pl\/t\/index.php?rest_route=\/wp\/v2\/posts\/6019\/revisions"}],"predecessor-version":[{"id":6021,"href":"https:\/\/wgphoto.pl\/t\/index.php?rest_route=\/wp\/v2\/posts\/6019\/revisions\/6021"}],"wp:featuredmedia":[{"embeddable":true,"href":"https:\/\/wgphoto.pl\/t\/index.php?rest_route=\/wp\/v2\/media\/6020"}],"wp:attachment":[{"href":"https:\/\/wgphoto.pl\/t\/index.php?rest_route=%2Fwp%2Fv2%2Fmedia&parent=6019"}],"wp:term":[{"taxonomy":"category","embeddable":true,"href":"https:\/\/wgphoto.pl\/t\/index.php?rest_route=%2Fwp%2Fv2%2Fcategories&post=6019"},{"taxonomy":"post_tag","embeddable":true,"href":"https:\/\/wgphoto.pl\/t\/index.php?rest_route=%2Fwp%2Fv2%2Ftags&post=6019"}],"curies":[{"name":"wp","href":"https:\/\/api.w.org\/{rel}","templated":true}]}}