{"id":6028,"date":"2024-11-16T19:44:28","date_gmt":"2024-11-16T18:44:28","guid":{"rendered":"https:\/\/wgphoto.pl\/t\/?p=6028"},"modified":"2024-11-16T19:44:42","modified_gmt":"2024-11-16T18:44:42","slug":"prawie-metro","status":"publish","type":"post","link":"https:\/\/wgphoto.pl\/t\/?p=6028","title":{"rendered":"Prawie metro"},"content":{"rendered":"\n<figure class=\"wp-block-image aligncenter size-full\"><img loading=\"lazy\" decoding=\"async\" width=\"750\" height=\"1000\" src=\"https:\/\/wgphoto.pl\/t\/wp-content\/uploads\/2024\/11\/2002r2-09a.jpg\" alt=\"\" class=\"wp-image-6029\" srcset=\"https:\/\/wgphoto.pl\/t\/wp-content\/uploads\/2024\/11\/2002r2-09a.jpg 750w, https:\/\/wgphoto.pl\/t\/wp-content\/uploads\/2024\/11\/2002r2-09a-225x300.jpg 225w\" sizes=\"auto, (max-width: 750px) 100vw, 750px\" \/><\/figure>\n\n\n\n<div class=\"wp-block-group has-global-padding is-layout-constrained wp-block-group-is-layout-constrained\">\n<p>Poci\u0105g metra linii U6, zestawiony z czterech wagon\u00f3w typu T, z\u0142apany na odcinku Gumpendorfer Stra\u00dfe &#8211; Westbahnhof w Wiedniu. Drewniane podk\u0142ady, krzaki i brudny kamie\u0144 na \u015bcianach wykopu \u015bwiadcz\u0105 o tym, \u017ce rewitalizacja tego odcinka jeszcze nie nast\u0105pi\u0142a. 25.07.2002<\/p>\n<\/div>\n","protected":false},"excerpt":{"rendered":"<p>Poci\u0105g metra linii U6, zestawiony z czterech wagon\u00f3w typu T, z\u0142apany na odcinku Gumpendorfer Stra\u00dfe &#8211; Westbahnhof w Wiedniu. Drewniane podk\u0142ady, krzaki i brudny kamie\u0144 na \u015bcianach wykopu \u015bwiadcz\u0105 o tym, \u017ce rewitalizacja tego odcinka jeszcze nie nast\u0105pi\u0142a. 25.07.2002<\/p>\n","protected":false},"author":1,"featured_media":6029,"comment_status":"open","ping_status":"","sticky":false,"template":"","format":"standard","meta":{"footnotes":""},"categories":[62,4,128,577],"tags":[1535,9,2273,99,97,98],"class_list":["post-6028","post","type-post","status-publish","format-standard","has-post-thumbnail","hentry","category-analog","category-metro","category-pionowe","category-rok-2002","tag-2002-07-25","tag-austria","tag-t","tag-u-bahn-wien","tag-wieden","tag-wiener-linien"],"_links":{"self":[{"href":"https:\/\/wgphoto.pl\/t\/index.php?rest_route=\/wp\/v2\/posts\/6028","targetHints":{"allow":["GET"]}}],"collection":[{"href":"https:\/\/wgphoto.pl\/t\/index.php?rest_route=\/wp\/v2\/posts"}],"about":[{"href":"https:\/\/wgphoto.pl\/t\/index.php?rest_route=\/wp\/v2\/types\/post"}],"author":[{"embeddable":true,"href":"https:\/\/wgphoto.pl\/t\/index.php?rest_route=\/wp\/v2\/users\/1"}],"replies":[{"embeddable":true,"href":"https:\/\/wgphoto.pl\/t\/index.php?rest_route=%2Fwp%2Fv2%2Fcomments&post=6028"}],"version-history":[{"count":1,"href":"https:\/\/wgphoto.pl\/t\/index.php?rest_route=\/wp\/v2\/posts\/6028\/revisions"}],"predecessor-version":[{"id":6030,"href":"https:\/\/wgphoto.pl\/t\/index.php?rest_route=\/wp\/v2\/posts\/6028\/revisions\/6030"}],"wp:featuredmedia":[{"embeddable":true,"href":"https:\/\/wgphoto.pl\/t\/index.php?rest_route=\/wp\/v2\/media\/6029"}],"wp:attachment":[{"href":"https:\/\/wgphoto.pl\/t\/index.php?rest_route=%2Fwp%2Fv2%2Fmedia&parent=6028"}],"wp:term":[{"taxonomy":"category","embeddable":true,"href":"https:\/\/wgphoto.pl\/t\/index.php?rest_route=%2Fwp%2Fv2%2Fcategories&post=6028"},{"taxonomy":"post_tag","embeddable":true,"href":"https:\/\/wgphoto.pl\/t\/index.php?rest_route=%2Fwp%2Fv2%2Ftags&post=6028"}],"curies":[{"name":"wp","href":"https:\/\/api.w.org\/{rel}","templated":true}]}}