{"id":6034,"date":"2024-11-16T19:46:40","date_gmt":"2024-11-16T18:46:40","guid":{"rendered":"https:\/\/wgphoto.pl\/t\/?p=6034"},"modified":"2024-11-16T19:46:40","modified_gmt":"2024-11-16T18:46:40","slug":"su42-540-kamieniec-zabkowicki","status":"publish","type":"post","link":"https:\/\/wgphoto.pl\/t\/?p=6034","title":{"rendered":"SU42-540, Kamieniec Z\u0105bkowicki"},"content":{"rendered":"\n<figure class=\"wp-block-image aligncenter size-full\"><img loading=\"lazy\" decoding=\"async\" width=\"1300\" height=\"867\" src=\"https:\/\/wgphoto.pl\/t\/wp-content\/uploads\/2024\/11\/0901-16.jpg\" alt=\"\" class=\"wp-image-6035\" srcset=\"https:\/\/wgphoto.pl\/t\/wp-content\/uploads\/2024\/11\/0901-16.jpg 1300w, https:\/\/wgphoto.pl\/t\/wp-content\/uploads\/2024\/11\/0901-16-300x200.jpg 300w, https:\/\/wgphoto.pl\/t\/wp-content\/uploads\/2024\/11\/0901-16-768x512.jpg 768w\" sizes=\"auto, (max-width: 1300px) 100vw, 1300px\" \/><\/figure>\n\n\n\n<div class=\"wp-block-group has-global-padding is-layout-constrained wp-block-group-is-layout-constrained\">\n<p>Poci\u0105g osobowy z Legnicy sko\u0144czy\u0142 bieg. 25.01.2009<\/p>\n<\/div>\n","protected":false},"excerpt":{"rendered":"<p>Poci\u0105g osobowy z Legnicy sko\u0144czy\u0142 bieg. 25.01.2009<\/p>\n","protected":false},"author":1,"featured_media":6035,"comment_status":"open","ping_status":"","sticky":false,"template":"","format":"standard","meta":{"footnotes":""},"categories":[62,2,169],"tags":[2208,2274,154,24,63,27,44,250,319],"class_list":["post-6034","post","type-post","status-publish","format-standard","has-post-thumbnail","hentry","category-analog","category-kolej","category-rok-2009","tag-2009-01-25","tag-kamieniec-zabkowicki","tag-noc","tag-perony","tag-pkp","tag-polska","tag-snieg","tag-su42","tag-tab-pl235"],"_links":{"self":[{"href":"https:\/\/wgphoto.pl\/t\/index.php?rest_route=\/wp\/v2\/posts\/6034","targetHints":{"allow":["GET"]}}],"collection":[{"href":"https:\/\/wgphoto.pl\/t\/index.php?rest_route=\/wp\/v2\/posts"}],"about":[{"href":"https:\/\/wgphoto.pl\/t\/index.php?rest_route=\/wp\/v2\/types\/post"}],"author":[{"embeddable":true,"href":"https:\/\/wgphoto.pl\/t\/index.php?rest_route=\/wp\/v2\/users\/1"}],"replies":[{"embeddable":true,"href":"https:\/\/wgphoto.pl\/t\/index.php?rest_route=%2Fwp%2Fv2%2Fcomments&post=6034"}],"version-history":[{"count":1,"href":"https:\/\/wgphoto.pl\/t\/index.php?rest_route=\/wp\/v2\/posts\/6034\/revisions"}],"predecessor-version":[{"id":6036,"href":"https:\/\/wgphoto.pl\/t\/index.php?rest_route=\/wp\/v2\/posts\/6034\/revisions\/6036"}],"wp:featuredmedia":[{"embeddable":true,"href":"https:\/\/wgphoto.pl\/t\/index.php?rest_route=\/wp\/v2\/media\/6035"}],"wp:attachment":[{"href":"https:\/\/wgphoto.pl\/t\/index.php?rest_route=%2Fwp%2Fv2%2Fmedia&parent=6034"}],"wp:term":[{"taxonomy":"category","embeddable":true,"href":"https:\/\/wgphoto.pl\/t\/index.php?rest_route=%2Fwp%2Fv2%2Fcategories&post=6034"},{"taxonomy":"post_tag","embeddable":true,"href":"https:\/\/wgphoto.pl\/t\/index.php?rest_route=%2Fwp%2Fv2%2Ftags&post=6034"}],"curies":[{"name":"wp","href":"https:\/\/api.w.org\/{rel}","templated":true}]}}