{"id":6040,"date":"2024-11-16T19:49:04","date_gmt":"2024-11-16T18:49:04","guid":{"rendered":"https:\/\/wgphoto.pl\/t\/?p=6040"},"modified":"2024-11-16T19:49:04","modified_gmt":"2024-11-16T18:49:04","slug":"eu07-234-z-elementem-infrastruktury","status":"publish","type":"post","link":"https:\/\/wgphoto.pl\/t\/?p=6040","title":{"rendered":"EU07-234 z elementem infrastruktury"},"content":{"rendered":"\n<figure class=\"wp-block-image aligncenter size-full\"><img loading=\"lazy\" decoding=\"async\" width=\"1300\" height=\"867\" src=\"https:\/\/wgphoto.pl\/t\/wp-content\/uploads\/2024\/11\/0819-34.jpg\" alt=\"\" class=\"wp-image-6041\" srcset=\"https:\/\/wgphoto.pl\/t\/wp-content\/uploads\/2024\/11\/0819-34.jpg 1300w, https:\/\/wgphoto.pl\/t\/wp-content\/uploads\/2024\/11\/0819-34-300x200.jpg 300w, https:\/\/wgphoto.pl\/t\/wp-content\/uploads\/2024\/11\/0819-34-768x512.jpg 768w\" sizes=\"auto, (max-width: 1300px) 100vw, 1300px\" \/><\/figure>\n\n\n\n<div class=\"wp-block-group has-global-padding is-layout-constrained wp-block-group-is-layout-constrained\">\n<p>Poci\u0105g pospieszny 38103 &#8222;Krakowianka&#8221; z Ko\u0142obrzegu do Krakowa, prowadzony lokomotyw\u0105 EU07-234, mija jeden z czterech przejazd\u00f3w na szlaku Rawicz &#8211; Korze\u0144sko, wyposa\u017conych w takie oto rogatki starego typu. 16.10.2008<\/p>\n<\/div>\n","protected":false},"excerpt":{"rendered":"<p>Poci\u0105g pospieszny 38103 &#8222;Krakowianka&#8221; z Ko\u0142obrzegu do Krakowa, prowadzony lokomotyw\u0105 EU07-234, mija jeden z czterech przejazd\u00f3w na szlaku Rawicz &#8211; Korze\u0144sko, wyposa\u017conych w takie oto rogatki starego typu. 16.10.2008<\/p>\n","protected":false},"author":1,"featured_media":6041,"comment_status":"open","ping_status":"","sticky":false,"template":"","format":"standard","meta":{"footnotes":""},"categories":[62,2,120],"tags":[2277,122,230,2276,63,27,2275,190],"class_list":["post-6040","post","type-post","status-publish","format-standard","has-post-thumbnail","hentry","category-analog","category-kolej","category-rok-2008","tag-2008-10-16","tag-eu07","tag-infrastruktura","tag-korzensko","tag-pkp","tag-polska","tag-rawicz","tag-tab-pl330"],"_links":{"self":[{"href":"https:\/\/wgphoto.pl\/t\/index.php?rest_route=\/wp\/v2\/posts\/6040","targetHints":{"allow":["GET"]}}],"collection":[{"href":"https:\/\/wgphoto.pl\/t\/index.php?rest_route=\/wp\/v2\/posts"}],"about":[{"href":"https:\/\/wgphoto.pl\/t\/index.php?rest_route=\/wp\/v2\/types\/post"}],"author":[{"embeddable":true,"href":"https:\/\/wgphoto.pl\/t\/index.php?rest_route=\/wp\/v2\/users\/1"}],"replies":[{"embeddable":true,"href":"https:\/\/wgphoto.pl\/t\/index.php?rest_route=%2Fwp%2Fv2%2Fcomments&post=6040"}],"version-history":[{"count":1,"href":"https:\/\/wgphoto.pl\/t\/index.php?rest_route=\/wp\/v2\/posts\/6040\/revisions"}],"predecessor-version":[{"id":6042,"href":"https:\/\/wgphoto.pl\/t\/index.php?rest_route=\/wp\/v2\/posts\/6040\/revisions\/6042"}],"wp:featuredmedia":[{"embeddable":true,"href":"https:\/\/wgphoto.pl\/t\/index.php?rest_route=\/wp\/v2\/media\/6041"}],"wp:attachment":[{"href":"https:\/\/wgphoto.pl\/t\/index.php?rest_route=%2Fwp%2Fv2%2Fmedia&parent=6040"}],"wp:term":[{"taxonomy":"category","embeddable":true,"href":"https:\/\/wgphoto.pl\/t\/index.php?rest_route=%2Fwp%2Fv2%2Fcategories&post=6040"},{"taxonomy":"post_tag","embeddable":true,"href":"https:\/\/wgphoto.pl\/t\/index.php?rest_route=%2Fwp%2Fv2%2Ftags&post=6040"}],"curies":[{"name":"wp","href":"https:\/\/api.w.org\/{rel}","templated":true}]}}