{"id":6065,"date":"2024-11-16T19:59:51","date_gmt":"2024-11-16T18:59:51","guid":{"rendered":"https:\/\/wgphoto.pl\/t\/?p=6065"},"modified":"2024-11-16T19:59:51","modified_gmt":"2024-11-16T18:59:51","slug":"nowe-spojrzenie","status":"publish","type":"post","link":"https:\/\/wgphoto.pl\/t\/?p=6065","title":{"rendered":"Nowe spojrzenie"},"content":{"rendered":"\n<figure class=\"wp-block-image aligncenter size-full\"><img loading=\"lazy\" decoding=\"async\" width=\"1018\" height=\"1000\" src=\"https:\/\/wgphoto.pl\/t\/wp-content\/uploads\/2024\/11\/IMGP1207-Pano.jpg\" alt=\"\" class=\"wp-image-6066\" srcset=\"https:\/\/wgphoto.pl\/t\/wp-content\/uploads\/2024\/11\/IMGP1207-Pano.jpg 1018w, https:\/\/wgphoto.pl\/t\/wp-content\/uploads\/2024\/11\/IMGP1207-Pano-300x295.jpg 300w, https:\/\/wgphoto.pl\/t\/wp-content\/uploads\/2024\/11\/IMGP1207-Pano-768x754.jpg 768w\" sizes=\"auto, (max-width: 1018px) 100vw, 1018px\" \/><\/figure>\n\n\n\n<div class=\"wp-block-group has-global-padding is-layout-constrained wp-block-group-is-layout-constrained\">\n<p>Pozna\u0144, ul. 28 Czerwca 1956 roku, skrzy\u017cowanie z Krzy\u017cow\u0105 i Jana Kili\u0144skiego. Jako\u015b nigdy nie mia\u0142em okazji przyjrze\u0107 si\u0119 bli\u017cej pozna\u0144skim kamienicom, a okazuje si\u0119, \u017ce maj\u0105 tam wiele interesuj\u0105cych okaz\u00f3w, co pozwoli\u0142o mi odkry\u0107 fotograficznie Pozna\u0144 zupe\u0142nie na nowo. Mia\u0142o to swoje odzwierciedlenie w tematyce zdj\u0119\u0107 podczas tej wizyty w Wielkopolsce, wi\u0119c pewnie jeszcze was troch\u0119 pozanudzam architektur\u0105 towarzysz\u0105c\u0105 zielonym tramwajom. 22.11.2020<\/p>\n<\/div>\n","protected":false},"excerpt":{"rendered":"<p>Pozna\u0144, ul. 28 Czerwca 1956 roku, skrzy\u017cowanie z Krzy\u017cow\u0105 i Jana Kili\u0144skiego. Jako\u015b nigdy nie mia\u0142em okazji przyjrze\u0107 si\u0119 bli\u017cej pozna\u0144skim kamienicom, a okazuje si\u0119, \u017ce maj\u0105 tam wiele interesuj\u0105cych okaz\u00f3w, co pozwoli\u0142o mi odkry\u0107 fotograficznie Pozna\u0144 zupe\u0142nie na nowo. Mia\u0142o to swoje odzwierciedlenie w tematyce zdj\u0119\u0107 podczas tej wizyty w Wielkopolsce, wi\u0119c pewnie jeszcze [&hellip;]<\/p>\n","protected":false},"author":1,"featured_media":6066,"comment_status":"open","ping_status":"","sticky":false,"template":"","format":"standard","meta":{"footnotes":""},"categories":[676,3],"tags":[2281,34,236,27,235,237],"class_list":["post-6065","post","type-post","status-publish","format-standard","has-post-thumbnail","hentry","category-rok-2020","category-tramwaj","tag-2020-11-22","tag-architektura","tag-mpk-poznan","tag-polska","tag-poznan","tag-solaris-tramino"],"_links":{"self":[{"href":"https:\/\/wgphoto.pl\/t\/index.php?rest_route=\/wp\/v2\/posts\/6065","targetHints":{"allow":["GET"]}}],"collection":[{"href":"https:\/\/wgphoto.pl\/t\/index.php?rest_route=\/wp\/v2\/posts"}],"about":[{"href":"https:\/\/wgphoto.pl\/t\/index.php?rest_route=\/wp\/v2\/types\/post"}],"author":[{"embeddable":true,"href":"https:\/\/wgphoto.pl\/t\/index.php?rest_route=\/wp\/v2\/users\/1"}],"replies":[{"embeddable":true,"href":"https:\/\/wgphoto.pl\/t\/index.php?rest_route=%2Fwp%2Fv2%2Fcomments&post=6065"}],"version-history":[{"count":1,"href":"https:\/\/wgphoto.pl\/t\/index.php?rest_route=\/wp\/v2\/posts\/6065\/revisions"}],"predecessor-version":[{"id":6067,"href":"https:\/\/wgphoto.pl\/t\/index.php?rest_route=\/wp\/v2\/posts\/6065\/revisions\/6067"}],"wp:featuredmedia":[{"embeddable":true,"href":"https:\/\/wgphoto.pl\/t\/index.php?rest_route=\/wp\/v2\/media\/6066"}],"wp:attachment":[{"href":"https:\/\/wgphoto.pl\/t\/index.php?rest_route=%2Fwp%2Fv2%2Fmedia&parent=6065"}],"wp:term":[{"taxonomy":"category","embeddable":true,"href":"https:\/\/wgphoto.pl\/t\/index.php?rest_route=%2Fwp%2Fv2%2Fcategories&post=6065"},{"taxonomy":"post_tag","embeddable":true,"href":"https:\/\/wgphoto.pl\/t\/index.php?rest_route=%2Fwp%2Fv2%2Ftags&post=6065"}],"curies":[{"name":"wp","href":"https:\/\/api.w.org\/{rel}","templated":true}]}}