{"id":6069,"date":"2024-11-17T12:27:24","date_gmt":"2024-11-17T11:27:24","guid":{"rendered":"https:\/\/wgphoto.pl\/t\/?p=6069"},"modified":"2024-11-17T12:27:24","modified_gmt":"2024-11-17T11:27:24","slug":"traxx-wsrod-winnic","status":"publish","type":"post","link":"https:\/\/wgphoto.pl\/t\/?p=6069","title":{"rendered":"TRAXX w\u015br\u00f3d winnic"},"content":{"rendered":"\n<figure class=\"wp-block-image aligncenter size-full\"><img loading=\"lazy\" decoding=\"async\" width=\"1400\" height=\"927\" src=\"https:\/\/wgphoto.pl\/t\/wp-content\/uploads\/2024\/11\/IMGP3968-1.jpg\" alt=\"\" class=\"wp-image-6070\" srcset=\"https:\/\/wgphoto.pl\/t\/wp-content\/uploads\/2024\/11\/IMGP3968-1.jpg 1400w, https:\/\/wgphoto.pl\/t\/wp-content\/uploads\/2024\/11\/IMGP3968-1-300x199.jpg 300w, https:\/\/wgphoto.pl\/t\/wp-content\/uploads\/2024\/11\/IMGP3968-1-768x509.jpg 768w\" sizes=\"auto, (max-width: 1400px) 100vw, 1400px\" \/><\/figure>\n\n\n\n<div class=\"wp-block-group has-global-padding is-layout-constrained wp-block-group-is-layout-constrained\">\n<p>185.169 ze sk\u0142adem towarowym mija poro\u015bni\u0119te winnicami plenery w miejscowo\u015bci Hatzenport, nad kt\u00f3r\u0105 g\u00f3ruje katolicki ko\u015bci\u00f3\u0142 pw. \u015aw. Jana. 16.09.2023<\/p>\n<\/div>\n","protected":false},"excerpt":{"rendered":"<p>185.169 ze sk\u0142adem towarowym mija poro\u015bni\u0119te winnicami plenery w miejscowo\u015bci Hatzenport, nad kt\u00f3r\u0105 g\u00f3ruje katolicki ko\u015bci\u00f3\u0142 pw. \u015aw. Jana. 16.09.2023<\/p>\n","protected":false},"author":1,"featured_media":6070,"comment_status":"open","ping_status":"","sticky":false,"template":"","format":"standard","meta":{"footnotes":""},"categories":[2,6],"tags":[2283,209,2285,206,2284,113,210,23,2286],"class_list":["post-6069","post","type-post","status-publish","format-standard","has-post-thumbnail","hentry","category-kolej","category-2023r","tag-2283","tag-2023-09-16","tag-d-ticket_2023","tag-db","tag-hatzenport","tag-landszaft","tag-moselstrecke","tag-niemcy","tag-traxx"],"_links":{"self":[{"href":"https:\/\/wgphoto.pl\/t\/index.php?rest_route=\/wp\/v2\/posts\/6069","targetHints":{"allow":["GET"]}}],"collection":[{"href":"https:\/\/wgphoto.pl\/t\/index.php?rest_route=\/wp\/v2\/posts"}],"about":[{"href":"https:\/\/wgphoto.pl\/t\/index.php?rest_route=\/wp\/v2\/types\/post"}],"author":[{"embeddable":true,"href":"https:\/\/wgphoto.pl\/t\/index.php?rest_route=\/wp\/v2\/users\/1"}],"replies":[{"embeddable":true,"href":"https:\/\/wgphoto.pl\/t\/index.php?rest_route=%2Fwp%2Fv2%2Fcomments&post=6069"}],"version-history":[{"count":1,"href":"https:\/\/wgphoto.pl\/t\/index.php?rest_route=\/wp\/v2\/posts\/6069\/revisions"}],"predecessor-version":[{"id":6071,"href":"https:\/\/wgphoto.pl\/t\/index.php?rest_route=\/wp\/v2\/posts\/6069\/revisions\/6071"}],"wp:featuredmedia":[{"embeddable":true,"href":"https:\/\/wgphoto.pl\/t\/index.php?rest_route=\/wp\/v2\/media\/6070"}],"wp:attachment":[{"href":"https:\/\/wgphoto.pl\/t\/index.php?rest_route=%2Fwp%2Fv2%2Fmedia&parent=6069"}],"wp:term":[{"taxonomy":"category","embeddable":true,"href":"https:\/\/wgphoto.pl\/t\/index.php?rest_route=%2Fwp%2Fv2%2Fcategories&post=6069"},{"taxonomy":"post_tag","embeddable":true,"href":"https:\/\/wgphoto.pl\/t\/index.php?rest_route=%2Fwp%2Fv2%2Ftags&post=6069"}],"curies":[{"name":"wp","href":"https:\/\/api.w.org\/{rel}","templated":true}]}}