{"id":6097,"date":"2024-11-17T22:44:03","date_gmt":"2024-11-17T21:44:03","guid":{"rendered":"https:\/\/wgphoto.pl\/t\/?p=6097"},"modified":"2024-11-17T22:44:03","modified_gmt":"2024-11-17T21:44:03","slug":"przerwa-na-herbatke","status":"publish","type":"post","link":"https:\/\/wgphoto.pl\/t\/?p=6097","title":{"rendered":"Przerwa na herbatk\u0119"},"content":{"rendered":"\n<figure class=\"wp-block-image aligncenter size-full\"><img loading=\"lazy\" decoding=\"async\" width=\"1200\" height=\"800\" src=\"https:\/\/wgphoto.pl\/t\/wp-content\/uploads\/2024\/11\/DSCF6879.jpg\" alt=\"\" class=\"wp-image-6098\" srcset=\"https:\/\/wgphoto.pl\/t\/wp-content\/uploads\/2024\/11\/DSCF6879.jpg 1200w, https:\/\/wgphoto.pl\/t\/wp-content\/uploads\/2024\/11\/DSCF6879-300x200.jpg 300w, https:\/\/wgphoto.pl\/t\/wp-content\/uploads\/2024\/11\/DSCF6879-768x512.jpg 768w\" sizes=\"auto, (max-width: 1200px) 100vw, 1200px\" \/><\/figure>\n\n\n\n<div class=\"wp-block-group has-global-padding is-layout-constrained wp-block-group-is-layout-constrained\">\n<p>Wroc\u0142aw, p\u0119tla Osobowice. W 62. godzinie jazdy tramwajem stoj\u0105cym na \u015brodkowym torze postanowi\u0142em odwiedzi\u0107 automat z darmowymi napojami, o czym bez notatek zdecydowanie bym dzi\u015b ju\u017c nie pami\u0119ta\u0142. \ud83d\ude09 05.05.2008<\/p>\n<\/div>\n","protected":false},"excerpt":{"rendered":"<p>Wroc\u0142aw, p\u0119tla Osobowice. W 62. godzinie jazdy tramwajem stoj\u0105cym na \u015brodkowym torze postanowi\u0142em odwiedzi\u0107 automat z darmowymi napojami, o czym bez notatek zdecydowanie bym dzi\u015b ju\u017c nie pami\u0119ta\u0142. \ud83d\ude09 05.05.2008<\/p>\n","protected":false},"author":1,"featured_media":6098,"comment_status":"open","ping_status":"","sticky":false,"template":"","format":"standard","meta":{"footnotes":""},"categories":[120,3],"tags":[155,2295,418,309,42,1719,27,439,41],"class_list":["post-6097","post","type-post","status-publish","format-standard","has-post-thumbnail","hentry","category-rok-2008","category-tramwaj","tag-105na","tag-2008-05-05","tag-auto","tag-konstal-102na","tag-mpk-wroclaw","tag-nauka-jazdy","tag-polska","tag-we-fabryce","tag-wroclaw"],"_links":{"self":[{"href":"https:\/\/wgphoto.pl\/t\/index.php?rest_route=\/wp\/v2\/posts\/6097","targetHints":{"allow":["GET"]}}],"collection":[{"href":"https:\/\/wgphoto.pl\/t\/index.php?rest_route=\/wp\/v2\/posts"}],"about":[{"href":"https:\/\/wgphoto.pl\/t\/index.php?rest_route=\/wp\/v2\/types\/post"}],"author":[{"embeddable":true,"href":"https:\/\/wgphoto.pl\/t\/index.php?rest_route=\/wp\/v2\/users\/1"}],"replies":[{"embeddable":true,"href":"https:\/\/wgphoto.pl\/t\/index.php?rest_route=%2Fwp%2Fv2%2Fcomments&post=6097"}],"version-history":[{"count":1,"href":"https:\/\/wgphoto.pl\/t\/index.php?rest_route=\/wp\/v2\/posts\/6097\/revisions"}],"predecessor-version":[{"id":6099,"href":"https:\/\/wgphoto.pl\/t\/index.php?rest_route=\/wp\/v2\/posts\/6097\/revisions\/6099"}],"wp:featuredmedia":[{"embeddable":true,"href":"https:\/\/wgphoto.pl\/t\/index.php?rest_route=\/wp\/v2\/media\/6098"}],"wp:attachment":[{"href":"https:\/\/wgphoto.pl\/t\/index.php?rest_route=%2Fwp%2Fv2%2Fmedia&parent=6097"}],"wp:term":[{"taxonomy":"category","embeddable":true,"href":"https:\/\/wgphoto.pl\/t\/index.php?rest_route=%2Fwp%2Fv2%2Fcategories&post=6097"},{"taxonomy":"post_tag","embeddable":true,"href":"https:\/\/wgphoto.pl\/t\/index.php?rest_route=%2Fwp%2Fv2%2Ftags&post=6097"}],"curies":[{"name":"wp","href":"https:\/\/api.w.org\/{rel}","templated":true}]}}