{"id":6112,"date":"2024-11-17T22:49:22","date_gmt":"2024-11-17T21:49:22","guid":{"rendered":"https:\/\/wgphoto.pl\/t\/?p=6112"},"modified":"2024-11-17T22:49:22","modified_gmt":"2024-11-17T21:49:22","slug":"zabawka","status":"publish","type":"post","link":"https:\/\/wgphoto.pl\/t\/?p=6112","title":{"rendered":"Zabawka"},"content":{"rendered":"\n<figure class=\"wp-block-image aligncenter size-full\"><img loading=\"lazy\" decoding=\"async\" width=\"1200\" height=\"900\" src=\"https:\/\/wgphoto.pl\/t\/wp-content\/uploads\/2024\/11\/DSCF6889.jpg\" alt=\"\" class=\"wp-image-6113\" srcset=\"https:\/\/wgphoto.pl\/t\/wp-content\/uploads\/2024\/11\/DSCF6889.jpg 1200w, https:\/\/wgphoto.pl\/t\/wp-content\/uploads\/2024\/11\/DSCF6889-300x225.jpg 300w, https:\/\/wgphoto.pl\/t\/wp-content\/uploads\/2024\/11\/DSCF6889-768x576.jpg 768w\" sizes=\"auto, (max-width: 1200px) 100vw, 1200px\" \/><\/figure>\n\n\n\n<div class=\"wp-block-group has-global-padding is-layout-constrained wp-block-group-is-layout-constrained\">\n<p>Angielski parowozik szykuje si\u0119 do odjazdu z poci\u0105giem Przew\u00f3z\u00f3w Regionalnych do Jelcza-Laskowic. By\u0142 taki epizod, a to foto zrobione przy okazji wizyty na dworcu jest moj\u0105 jedyn\u0105 pami\u0105tk\u0105 z czasu jego trwania. To tylko \u015bwiadczy o tym, jak bardzo to by\u0142o dla mnie ciekawe. \ud83d\ude09 09.05.2008<\/p>\n<\/div>\n","protected":false},"excerpt":{"rendered":"<p>Angielski parowozik szykuje si\u0119 do odjazdu z poci\u0105giem Przew\u00f3z\u00f3w Regionalnych do Jelcza-Laskowic. By\u0142 taki epizod, a to foto zrobione przy okazji wizyty na dworcu jest moj\u0105 jedyn\u0105 pami\u0105tk\u0105 z czasu jego trwania. To tylko \u015bwiadczy o tym, jak bardzo to by\u0142o dla mnie ciekawe. \ud83d\ude09 09.05.2008<\/p>\n","protected":false},"author":1,"featured_media":6113,"comment_status":"open","ping_status":"","sticky":false,"template":"","format":"standard","meta":{"footnotes":""},"categories":[2,120],"tags":[1382,288,179,358,63,27,139,2179,41,180],"class_list":["post-6112","post","type-post","status-publish","format-standard","has-post-thumbnail","hentry","category-kolej","category-rok-2008","tag-2008-05-09","tag-bipa","tag-hala-peronowa","tag-parowoz","tag-pkp","tag-polska","tag-retro","tag-tab-pl215","tag-wroclaw","tag-wroclaw-glowny"],"_links":{"self":[{"href":"https:\/\/wgphoto.pl\/t\/index.php?rest_route=\/wp\/v2\/posts\/6112","targetHints":{"allow":["GET"]}}],"collection":[{"href":"https:\/\/wgphoto.pl\/t\/index.php?rest_route=\/wp\/v2\/posts"}],"about":[{"href":"https:\/\/wgphoto.pl\/t\/index.php?rest_route=\/wp\/v2\/types\/post"}],"author":[{"embeddable":true,"href":"https:\/\/wgphoto.pl\/t\/index.php?rest_route=\/wp\/v2\/users\/1"}],"replies":[{"embeddable":true,"href":"https:\/\/wgphoto.pl\/t\/index.php?rest_route=%2Fwp%2Fv2%2Fcomments&post=6112"}],"version-history":[{"count":1,"href":"https:\/\/wgphoto.pl\/t\/index.php?rest_route=\/wp\/v2\/posts\/6112\/revisions"}],"predecessor-version":[{"id":6114,"href":"https:\/\/wgphoto.pl\/t\/index.php?rest_route=\/wp\/v2\/posts\/6112\/revisions\/6114"}],"wp:featuredmedia":[{"embeddable":true,"href":"https:\/\/wgphoto.pl\/t\/index.php?rest_route=\/wp\/v2\/media\/6113"}],"wp:attachment":[{"href":"https:\/\/wgphoto.pl\/t\/index.php?rest_route=%2Fwp%2Fv2%2Fmedia&parent=6112"}],"wp:term":[{"taxonomy":"category","embeddable":true,"href":"https:\/\/wgphoto.pl\/t\/index.php?rest_route=%2Fwp%2Fv2%2Fcategories&post=6112"},{"taxonomy":"post_tag","embeddable":true,"href":"https:\/\/wgphoto.pl\/t\/index.php?rest_route=%2Fwp%2Fv2%2Ftags&post=6112"}],"curies":[{"name":"wp","href":"https:\/\/api.w.org\/{rel}","templated":true}]}}