{"id":6115,"date":"2024-11-17T22:50:42","date_gmt":"2024-11-17T21:50:42","guid":{"rendered":"https:\/\/wgphoto.pl\/t\/?p=6115"},"modified":"2024-11-17T22:50:42","modified_gmt":"2024-11-17T21:50:42","slug":"zmierzch","status":"publish","type":"post","link":"https:\/\/wgphoto.pl\/t\/?p=6115","title":{"rendered":"Zmierzch"},"content":{"rendered":"\n<figure class=\"wp-block-image aligncenter size-full\"><img loading=\"lazy\" decoding=\"async\" width=\"1050\" height=\"788\" src=\"https:\/\/wgphoto.pl\/t\/wp-content\/uploads\/2024\/11\/DSCF6004.jpg\" alt=\"\" class=\"wp-image-6116\" srcset=\"https:\/\/wgphoto.pl\/t\/wp-content\/uploads\/2024\/11\/DSCF6004.jpg 1050w, https:\/\/wgphoto.pl\/t\/wp-content\/uploads\/2024\/11\/DSCF6004-300x225.jpg 300w, https:\/\/wgphoto.pl\/t\/wp-content\/uploads\/2024\/11\/DSCF6004-768x576.jpg 768w\" sizes=\"auto, (max-width: 1050px) 100vw, 1050px\" \/><\/figure>\n\n\n\n<div class=\"wp-block-group has-global-padding is-layout-constrained wp-block-group-is-layout-constrained\">\n<p>Wroc\u0142aw, ul. Piaskowa. Zestaw 105NWr 2420+2419 zatrzyma\u0142 si\u0119 na przystanku pod hal\u0105 targow\u0105. Zawsze mnie ci\u0105gn\u0119\u0142o do tego typu zdj\u0119\u0107, a pierwsza, kompaktowa cyfra znacznie u\u0142atwi\u0142a takie zabawy. 26.01.2008<\/p>\n<\/div>\n","protected":false},"excerpt":{"rendered":"<p>Wroc\u0142aw, ul. Piaskowa. Zestaw 105NWr 2420+2419 zatrzyma\u0142 si\u0119 na przystanku pod hal\u0105 targow\u0105. Zawsze mnie ci\u0105gn\u0119\u0142o do tego typu zdj\u0119\u0107, a pierwsza, kompaktowa cyfra znacznie u\u0142atwi\u0142a takie zabawy. 26.01.2008<\/p>\n","protected":false},"author":1,"featured_media":6116,"comment_status":"open","ping_status":"","sticky":false,"template":"","format":"standard","meta":{"footnotes":""},"categories":[120,3],"tags":[43,2299,42,162,27,1491,90,41],"class_list":["post-6115","post","type-post","status-publish","format-standard","has-post-thumbnail","hentry","category-rok-2008","category-tramwaj","tag-105nwr","tag-2008-01-26","tag-mpk-wroclaw","tag-niebo","tag-polska","tag-swiateczne-akcenty","tag-wieczorem","tag-wroclaw"],"_links":{"self":[{"href":"https:\/\/wgphoto.pl\/t\/index.php?rest_route=\/wp\/v2\/posts\/6115","targetHints":{"allow":["GET"]}}],"collection":[{"href":"https:\/\/wgphoto.pl\/t\/index.php?rest_route=\/wp\/v2\/posts"}],"about":[{"href":"https:\/\/wgphoto.pl\/t\/index.php?rest_route=\/wp\/v2\/types\/post"}],"author":[{"embeddable":true,"href":"https:\/\/wgphoto.pl\/t\/index.php?rest_route=\/wp\/v2\/users\/1"}],"replies":[{"embeddable":true,"href":"https:\/\/wgphoto.pl\/t\/index.php?rest_route=%2Fwp%2Fv2%2Fcomments&post=6115"}],"version-history":[{"count":1,"href":"https:\/\/wgphoto.pl\/t\/index.php?rest_route=\/wp\/v2\/posts\/6115\/revisions"}],"predecessor-version":[{"id":6117,"href":"https:\/\/wgphoto.pl\/t\/index.php?rest_route=\/wp\/v2\/posts\/6115\/revisions\/6117"}],"wp:featuredmedia":[{"embeddable":true,"href":"https:\/\/wgphoto.pl\/t\/index.php?rest_route=\/wp\/v2\/media\/6116"}],"wp:attachment":[{"href":"https:\/\/wgphoto.pl\/t\/index.php?rest_route=%2Fwp%2Fv2%2Fmedia&parent=6115"}],"wp:term":[{"taxonomy":"category","embeddable":true,"href":"https:\/\/wgphoto.pl\/t\/index.php?rest_route=%2Fwp%2Fv2%2Fcategories&post=6115"},{"taxonomy":"post_tag","embeddable":true,"href":"https:\/\/wgphoto.pl\/t\/index.php?rest_route=%2Fwp%2Fv2%2Ftags&post=6115"}],"curies":[{"name":"wp","href":"https:\/\/api.w.org\/{rel}","templated":true}]}}