{"id":6118,"date":"2024-11-17T22:51:47","date_gmt":"2024-11-17T21:51:47","guid":{"rendered":"https:\/\/wgphoto.pl\/t\/?p=6118"},"modified":"2024-11-17T22:51:47","modified_gmt":"2024-11-17T21:51:47","slug":"sprzatanie-jesieni","status":"publish","type":"post","link":"https:\/\/wgphoto.pl\/t\/?p=6118","title":{"rendered":"Sprz\u0105tanie jesieni"},"content":{"rendered":"\n<figure class=\"wp-block-image aligncenter size-full\"><img loading=\"lazy\" decoding=\"async\" width=\"1200\" height=\"800\" src=\"https:\/\/wgphoto.pl\/t\/wp-content\/uploads\/2024\/11\/DSCF7875.jpg\" alt=\"\" class=\"wp-image-6119\" srcset=\"https:\/\/wgphoto.pl\/t\/wp-content\/uploads\/2024\/11\/DSCF7875.jpg 1200w, https:\/\/wgphoto.pl\/t\/wp-content\/uploads\/2024\/11\/DSCF7875-300x200.jpg 300w, https:\/\/wgphoto.pl\/t\/wp-content\/uploads\/2024\/11\/DSCF7875-768x512.jpg 768w\" sizes=\"auto, (max-width: 1200px) 100vw, 1200px\" \/><\/figure>\n\n\n\n<div class=\"wp-block-group has-global-padding is-layout-constrained wp-block-group-is-layout-constrained\">\n<p>Dwa dwuwagonowe sk\u0142ady obs\u0142uguj\u0105ce lini\u0119 5 (z przodu T3R.P 8450+?) odpoczywaj\u0105 mi\u0119dzy kursami na p\u0119tli V\u00fdstavi\u0161t\u011b w Pradze, a obok trwa zamiatanie jesiennych li\u015bci. 10.11.2008<\/p>\n<\/div>\n","protected":false},"excerpt":{"rendered":"<p>Dwa dwuwagonowe sk\u0142ady obs\u0142uguj\u0105ce lini\u0119 5 (z przodu T3R.P 8450+?) odpoczywaj\u0105 mi\u0119dzy kursami na p\u0119tli V\u00fdstavi\u0161t\u011b w Pradze, a obok trwa zamiatanie jesiennych li\u015bci. 10.11.2008<\/p>\n","protected":false},"author":1,"featured_media":6119,"comment_status":"open","ping_status":"","sticky":false,"template":"","format":"standard","meta":{"footnotes":""},"categories":[120,3],"tags":[2058,49,1049,126,151,52,1011],"class_list":["post-6118","post","type-post","status-publish","format-standard","has-post-thumbnail","hentry","category-rok-2008","category-tramwaj","tag-2008-11-10","tag-czechy","tag-dp-praha","tag-jesien","tag-ludzie","tag-praga","tag-tatra-t3"],"_links":{"self":[{"href":"https:\/\/wgphoto.pl\/t\/index.php?rest_route=\/wp\/v2\/posts\/6118","targetHints":{"allow":["GET"]}}],"collection":[{"href":"https:\/\/wgphoto.pl\/t\/index.php?rest_route=\/wp\/v2\/posts"}],"about":[{"href":"https:\/\/wgphoto.pl\/t\/index.php?rest_route=\/wp\/v2\/types\/post"}],"author":[{"embeddable":true,"href":"https:\/\/wgphoto.pl\/t\/index.php?rest_route=\/wp\/v2\/users\/1"}],"replies":[{"embeddable":true,"href":"https:\/\/wgphoto.pl\/t\/index.php?rest_route=%2Fwp%2Fv2%2Fcomments&post=6118"}],"version-history":[{"count":1,"href":"https:\/\/wgphoto.pl\/t\/index.php?rest_route=\/wp\/v2\/posts\/6118\/revisions"}],"predecessor-version":[{"id":6120,"href":"https:\/\/wgphoto.pl\/t\/index.php?rest_route=\/wp\/v2\/posts\/6118\/revisions\/6120"}],"wp:featuredmedia":[{"embeddable":true,"href":"https:\/\/wgphoto.pl\/t\/index.php?rest_route=\/wp\/v2\/media\/6119"}],"wp:attachment":[{"href":"https:\/\/wgphoto.pl\/t\/index.php?rest_route=%2Fwp%2Fv2%2Fmedia&parent=6118"}],"wp:term":[{"taxonomy":"category","embeddable":true,"href":"https:\/\/wgphoto.pl\/t\/index.php?rest_route=%2Fwp%2Fv2%2Fcategories&post=6118"},{"taxonomy":"post_tag","embeddable":true,"href":"https:\/\/wgphoto.pl\/t\/index.php?rest_route=%2Fwp%2Fv2%2Ftags&post=6118"}],"curies":[{"name":"wp","href":"https:\/\/api.w.org\/{rel}","templated":true}]}}