{"id":6124,"date":"2024-11-17T22:55:33","date_gmt":"2024-11-17T21:55:33","guid":{"rendered":"https:\/\/wgphoto.pl\/t\/?p=6124"},"modified":"2025-12-21T20:32:30","modified_gmt":"2025-12-21T19:32:30","slug":"osobowickie-ciemnosci","status":"publish","type":"post","link":"https:\/\/wgphoto.pl\/t\/?p=6124","title":{"rendered":"Osobowickie ciemno\u015bci"},"content":{"rendered":"\n<figure class=\"wp-block-image aligncenter size-full\"><img loading=\"lazy\" decoding=\"async\" width=\"1300\" height=\"861\" src=\"https:\/\/wgphoto.pl\/t\/wp-content\/uploads\/2024\/11\/IMGP1173.jpg\" alt=\"\" class=\"wp-image-6125\" srcset=\"https:\/\/wgphoto.pl\/t\/wp-content\/uploads\/2024\/11\/IMGP1173.jpg 1300w, https:\/\/wgphoto.pl\/t\/wp-content\/uploads\/2024\/11\/IMGP1173-300x199.jpg 300w, https:\/\/wgphoto.pl\/t\/wp-content\/uploads\/2024\/11\/IMGP1173-768x509.jpg 768w\" sizes=\"auto, (max-width: 1300px) 100vw, 1300px\" \/><\/figure>\n\n\n\n<div class=\"wp-block-group has-global-padding is-layout-constrained wp-block-group-is-layout-constrained\">\n<p>Wroc\u0142aw, p\u0119tla Osobowice, wagon MF19AC 2809. Tras\u0119 na Osobowice otwarto po wielomiesi\u0119cznej przerwie tydzie\u0144 wcze\u015bniej. P\u0119tla nadal by\u0142a placem budowy, z zasiekami w postaci rowu na podbudow\u0119 przysz\u0142ego chodnika i bez ani jednej \u015bwiec\u0105cej latarni. Ca\u0142e \u015bwiat\u0142o w tym kadrze zapewnia tramwaj, a w rzeczywisto\u015bci by\u0142a tam po prostu czarna noc. 31.10.2020<\/p>\n<\/div>\n","protected":false},"excerpt":{"rendered":"<p>Wroc\u0142aw, p\u0119tla Osobowice, wagon MF19AC 2809. Tras\u0119 na Osobowice otwarto po wielomiesi\u0119cznej przerwie tydzie\u0144 wcze\u015bniej. P\u0119tla nadal by\u0142a placem budowy, z zasiekami w postaci rowu na podbudow\u0119 przysz\u0142ego chodnika i bez ani jednej \u015bwiec\u0105cej latarni. Ca\u0142e \u015bwiat\u0142o w tym kadrze zapewnia tramwaj, a w rzeczywisto\u015bci by\u0142a tam po prostu czarna noc. 31.10.2020<\/p>\n","protected":false},"author":1,"featured_media":6125,"comment_status":"open","ping_status":"","sticky":false,"template":"","format":"standard","meta":{"footnotes":""},"categories":[676,3],"tags":[2300,745,4603,501,42,154,1677,27,439,41],"class_list":["post-6124","post","type-post","status-publish","format-standard","has-post-thumbnail","hentry","category-rok-2020","category-tramwaj","tag-2020-10-31","tag-budowa","tag-mf19ac","tag-moderus-beta","tag-mpk-wroclaw","tag-noc","tag-osobowice","tag-polska","tag-we-fabryce","tag-wroclaw"],"_links":{"self":[{"href":"https:\/\/wgphoto.pl\/t\/index.php?rest_route=\/wp\/v2\/posts\/6124","targetHints":{"allow":["GET"]}}],"collection":[{"href":"https:\/\/wgphoto.pl\/t\/index.php?rest_route=\/wp\/v2\/posts"}],"about":[{"href":"https:\/\/wgphoto.pl\/t\/index.php?rest_route=\/wp\/v2\/types\/post"}],"author":[{"embeddable":true,"href":"https:\/\/wgphoto.pl\/t\/index.php?rest_route=\/wp\/v2\/users\/1"}],"replies":[{"embeddable":true,"href":"https:\/\/wgphoto.pl\/t\/index.php?rest_route=%2Fwp%2Fv2%2Fcomments&post=6124"}],"version-history":[{"count":1,"href":"https:\/\/wgphoto.pl\/t\/index.php?rest_route=\/wp\/v2\/posts\/6124\/revisions"}],"predecessor-version":[{"id":6126,"href":"https:\/\/wgphoto.pl\/t\/index.php?rest_route=\/wp\/v2\/posts\/6124\/revisions\/6126"}],"wp:featuredmedia":[{"embeddable":true,"href":"https:\/\/wgphoto.pl\/t\/index.php?rest_route=\/wp\/v2\/media\/6125"}],"wp:attachment":[{"href":"https:\/\/wgphoto.pl\/t\/index.php?rest_route=%2Fwp%2Fv2%2Fmedia&parent=6124"}],"wp:term":[{"taxonomy":"category","embeddable":true,"href":"https:\/\/wgphoto.pl\/t\/index.php?rest_route=%2Fwp%2Fv2%2Fcategories&post=6124"},{"taxonomy":"post_tag","embeddable":true,"href":"https:\/\/wgphoto.pl\/t\/index.php?rest_route=%2Fwp%2Fv2%2Ftags&post=6124"}],"curies":[{"name":"wp","href":"https:\/\/api.w.org\/{rel}","templated":true}]}}