{"id":6130,"date":"2024-11-17T22:57:31","date_gmt":"2024-11-17T21:57:31","guid":{"rendered":"https:\/\/wgphoto.pl\/t\/?p=6130"},"modified":"2025-12-21T20:32:03","modified_gmt":"2025-12-21T19:32:03","slug":"goscinnie-na-grabiszynku","status":"publish","type":"post","link":"https:\/\/wgphoto.pl\/t\/?p=6130","title":{"rendered":"Go\u015bcinnie na Grabiszynku"},"content":{"rendered":"\n<figure class=\"wp-block-image aligncenter size-full\"><img loading=\"lazy\" decoding=\"async\" width=\"1300\" height=\"861\" src=\"https:\/\/wgphoto.pl\/t\/wp-content\/uploads\/2024\/11\/IMGP1177.jpg\" alt=\"\" class=\"wp-image-6131\" srcset=\"https:\/\/wgphoto.pl\/t\/wp-content\/uploads\/2024\/11\/IMGP1177.jpg 1300w, https:\/\/wgphoto.pl\/t\/wp-content\/uploads\/2024\/11\/IMGP1177-300x199.jpg 300w, https:\/\/wgphoto.pl\/t\/wp-content\/uploads\/2024\/11\/IMGP1177-768x509.jpg 768w\" sizes=\"auto, (max-width: 1300px) 100vw, 1300px\" \/><\/figure>\n\n\n\n<div class=\"wp-block-group has-global-padding is-layout-constrained wp-block-group-is-layout-constrained\">\n<p>Wroc\u0142aw, p\u0119tla Grabiszynek. Moderus 2809 zjedzie st\u0105d nietypowo do zajezdni Gaj. Tzn. typowo dla siebie, ale nietypowo z tej p\u0119tli, w pierwszolistopadowy weekend zajezdnia nr I dosta\u0142a bowiem jedn\u0105 brygad\u0119 linii 14\/24, kt\u00f3ra normalnie jest obs\u0142ugiwana przez zajezdni\u0119 Borek, na kt\u00f3r\u0105 z Grabiszynku jest najbli\u017cej. 31.10.2020<\/p>\n<\/div>\n","protected":false},"excerpt":{"rendered":"<p>Wroc\u0142aw, p\u0119tla Grabiszynek. Moderus 2809 zjedzie st\u0105d nietypowo do zajezdni Gaj. Tzn. typowo dla siebie, ale nietypowo z tej p\u0119tli, w pierwszolistopadowy weekend zajezdnia nr I dosta\u0142a bowiem jedn\u0105 brygad\u0119 linii 14\/24, kt\u00f3ra normalnie jest obs\u0142ugiwana przez zajezdni\u0119 Borek, na kt\u00f3r\u0105 z Grabiszynku jest najbli\u017cej. 31.10.2020<\/p>\n","protected":false},"author":1,"featured_media":6131,"comment_status":"open","ping_status":"","sticky":false,"template":"","format":"standard","meta":{"footnotes":""},"categories":[676,3],"tags":[2300,1640,4603,501,42,154,27,439,41],"class_list":["post-6130","post","type-post","status-publish","format-standard","has-post-thumbnail","hentry","category-rok-2020","category-tramwaj","tag-2020-10-31","tag-grabiszynek","tag-mf19ac","tag-moderus-beta","tag-mpk-wroclaw","tag-noc","tag-polska","tag-we-fabryce","tag-wroclaw"],"_links":{"self":[{"href":"https:\/\/wgphoto.pl\/t\/index.php?rest_route=\/wp\/v2\/posts\/6130","targetHints":{"allow":["GET"]}}],"collection":[{"href":"https:\/\/wgphoto.pl\/t\/index.php?rest_route=\/wp\/v2\/posts"}],"about":[{"href":"https:\/\/wgphoto.pl\/t\/index.php?rest_route=\/wp\/v2\/types\/post"}],"author":[{"embeddable":true,"href":"https:\/\/wgphoto.pl\/t\/index.php?rest_route=\/wp\/v2\/users\/1"}],"replies":[{"embeddable":true,"href":"https:\/\/wgphoto.pl\/t\/index.php?rest_route=%2Fwp%2Fv2%2Fcomments&post=6130"}],"version-history":[{"count":1,"href":"https:\/\/wgphoto.pl\/t\/index.php?rest_route=\/wp\/v2\/posts\/6130\/revisions"}],"predecessor-version":[{"id":6132,"href":"https:\/\/wgphoto.pl\/t\/index.php?rest_route=\/wp\/v2\/posts\/6130\/revisions\/6132"}],"wp:featuredmedia":[{"embeddable":true,"href":"https:\/\/wgphoto.pl\/t\/index.php?rest_route=\/wp\/v2\/media\/6131"}],"wp:attachment":[{"href":"https:\/\/wgphoto.pl\/t\/index.php?rest_route=%2Fwp%2Fv2%2Fmedia&parent=6130"}],"wp:term":[{"taxonomy":"category","embeddable":true,"href":"https:\/\/wgphoto.pl\/t\/index.php?rest_route=%2Fwp%2Fv2%2Fcategories&post=6130"},{"taxonomy":"post_tag","embeddable":true,"href":"https:\/\/wgphoto.pl\/t\/index.php?rest_route=%2Fwp%2Fv2%2Ftags&post=6130"}],"curies":[{"name":"wp","href":"https:\/\/api.w.org\/{rel}","templated":true}]}}