{"id":6148,"date":"2024-11-17T23:04:31","date_gmt":"2024-11-17T22:04:31","guid":{"rendered":"https:\/\/wgphoto.pl\/t\/?p=6148"},"modified":"2024-11-17T23:04:31","modified_gmt":"2024-11-17T22:04:31","slug":"brandys-nad-labem","status":"publish","type":"post","link":"https:\/\/wgphoto.pl\/t\/?p=6148","title":{"rendered":"Brand\u00fds nad Labem"},"content":{"rendered":"\n<figure class=\"wp-block-image aligncenter size-full\"><img loading=\"lazy\" decoding=\"async\" width=\"1300\" height=\"813\" src=\"https:\/\/wgphoto.pl\/t\/wp-content\/uploads\/2024\/11\/IMGP3938-1.jpg\" alt=\"\" class=\"wp-image-6150\" srcset=\"https:\/\/wgphoto.pl\/t\/wp-content\/uploads\/2024\/11\/IMGP3938-1.jpg 1300w, https:\/\/wgphoto.pl\/t\/wp-content\/uploads\/2024\/11\/IMGP3938-1-300x188.jpg 300w, https:\/\/wgphoto.pl\/t\/wp-content\/uploads\/2024\/11\/IMGP3938-1-768x480.jpg 768w\" sizes=\"auto, (max-width: 1300px) 100vw, 1300px\" \/><\/figure>\n\n\n\n<div class=\"wp-block-group has-global-padding is-layout-constrained wp-block-group-is-layout-constrained\">\n<p>Motorak 809.140-7 jako poci\u0105g osobowy 19425 z Neratovic do \u010cel\u00e1kovic krzy\u017cuje z pojazdem 809.080-5 jad\u0105cym w planie 19420 relacji przeciwnej. 25.09.2011<\/p>\n<\/div>\n","protected":false},"excerpt":{"rendered":"<p>Motorak 809.140-7 jako poci\u0105g osobowy 19425 z Neratovic do \u010cel\u00e1kovic krzy\u017cuje z pojazdem 809.080-5 jad\u0105cym w planie 19420 relacji przeciwnej. 25.09.2011<\/p>\n","protected":false},"author":1,"featured_media":6150,"comment_status":"open","ping_status":"","sticky":false,"template":"","format":"standard","meta":{"footnotes":""},"categories":[2,77],"tags":[2305,92,2304,50,49,173,196,389,2303],"class_list":["post-6148","post","type-post","status-publish","format-standard","has-post-thumbnail","hentry","category-kolej","category-rok-2011","tag-2011-09-25","tag-92","tag-brandys-nad-labem","tag-cd","tag-czechy","tag-koncowki","tag-linie-raczej-lokalne","tag-mijanka","tag-tab-cz074"],"_links":{"self":[{"href":"https:\/\/wgphoto.pl\/t\/index.php?rest_route=\/wp\/v2\/posts\/6148","targetHints":{"allow":["GET"]}}],"collection":[{"href":"https:\/\/wgphoto.pl\/t\/index.php?rest_route=\/wp\/v2\/posts"}],"about":[{"href":"https:\/\/wgphoto.pl\/t\/index.php?rest_route=\/wp\/v2\/types\/post"}],"author":[{"embeddable":true,"href":"https:\/\/wgphoto.pl\/t\/index.php?rest_route=\/wp\/v2\/users\/1"}],"replies":[{"embeddable":true,"href":"https:\/\/wgphoto.pl\/t\/index.php?rest_route=%2Fwp%2Fv2%2Fcomments&post=6148"}],"version-history":[{"count":1,"href":"https:\/\/wgphoto.pl\/t\/index.php?rest_route=\/wp\/v2\/posts\/6148\/revisions"}],"predecessor-version":[{"id":6151,"href":"https:\/\/wgphoto.pl\/t\/index.php?rest_route=\/wp\/v2\/posts\/6148\/revisions\/6151"}],"wp:featuredmedia":[{"embeddable":true,"href":"https:\/\/wgphoto.pl\/t\/index.php?rest_route=\/wp\/v2\/media\/6150"}],"wp:attachment":[{"href":"https:\/\/wgphoto.pl\/t\/index.php?rest_route=%2Fwp%2Fv2%2Fmedia&parent=6148"}],"wp:term":[{"taxonomy":"category","embeddable":true,"href":"https:\/\/wgphoto.pl\/t\/index.php?rest_route=%2Fwp%2Fv2%2Fcategories&post=6148"},{"taxonomy":"post_tag","embeddable":true,"href":"https:\/\/wgphoto.pl\/t\/index.php?rest_route=%2Fwp%2Fv2%2Ftags&post=6148"}],"curies":[{"name":"wp","href":"https:\/\/api.w.org\/{rel}","templated":true}]}}