{"id":6162,"date":"2024-11-18T16:53:58","date_gmt":"2024-11-18T15:53:58","guid":{"rendered":"https:\/\/wgphoto.pl\/t\/?p=6162"},"modified":"2024-11-18T16:53:58","modified_gmt":"2024-11-18T15:53:58","slug":"usmiech-na-rynku","status":"publish","type":"post","link":"https:\/\/wgphoto.pl\/t\/?p=6162","title":{"rendered":"U\u015bmiech na rynku"},"content":{"rendered":"\n<figure class=\"wp-block-image aligncenter size-full\"><img loading=\"lazy\" decoding=\"async\" width=\"1300\" height=\"813\" src=\"https:\/\/wgphoto.pl\/t\/wp-content\/uploads\/2024\/11\/IMGP0473.jpg\" alt=\"\" class=\"wp-image-6163\" srcset=\"https:\/\/wgphoto.pl\/t\/wp-content\/uploads\/2024\/11\/IMGP0473.jpg 1300w, https:\/\/wgphoto.pl\/t\/wp-content\/uploads\/2024\/11\/IMGP0473-300x188.jpg 300w, https:\/\/wgphoto.pl\/t\/wp-content\/uploads\/2024\/11\/IMGP0473-768x480.jpg 768w\" sizes=\"auto, (max-width: 1300px) 100vw, 1300px\" \/><\/figure>\n\n\n\n<div class=\"wp-block-group has-global-padding is-layout-constrained wp-block-group-is-layout-constrained\">\n<p>Sk\u0142ad T3R.PLF+T3R.P 327+256 jest u\u015bmiechni\u0119ty, bo umo\u017cliwia wej\u015bcie jednymi drzwiami na nisk\u0105 pod\u0142og\u0119. Tramwaj przeje\u017cd\u017ca przez N\u00e1m\u011bst\u00ed Republiky w Pil\u017anie, czyli tamtejszy rynek, mijaj\u0105c <em>Morow\u0105 kolumn\u0119<\/em>. W kadrze wida\u0107 tak\u017ce fragmencik katedry \u015aw. Bart\u0142omieja, kt\u00f3rej jednak &#8211; z jej 102,6-metrow\u0105 wie\u017c\u0105 &#8211; nie uda\u0142o mi si\u0119 zmie\u015bci\u0107 w kadrze. 15.04.2011<\/p>\n<\/div>\n","protected":false},"excerpt":{"rendered":"<p>Sk\u0142ad T3R.PLF+T3R.P 327+256 jest u\u015bmiechni\u0119ty, bo umo\u017cliwia wej\u015bcie jednymi drzwiami na nisk\u0105 pod\u0142og\u0119. Tramwaj przeje\u017cd\u017ca przez N\u00e1m\u011bst\u00ed Republiky w Pil\u017anie, czyli tamtejszy rynek, mijaj\u0105c Morow\u0105 kolumn\u0119. W kadrze wida\u0107 tak\u017ce fragmencik katedry \u015aw. Bart\u0142omieja, kt\u00f3rej jednak &#8211; z jej 102,6-metrow\u0105 wie\u017c\u0105 &#8211; nie uda\u0142o mi si\u0119 zmie\u015bci\u0107 w kadrze. 15.04.2011<\/p>\n","protected":false},"author":1,"featured_media":6163,"comment_status":"open","ping_status":"","sticky":false,"template":"","format":"standard","meta":{"footnotes":""},"categories":[77,3],"tags":[1954,34,49,1674,1675,1011],"class_list":["post-6162","post","type-post","status-publish","format-standard","has-post-thumbnail","hentry","category-rok-2011","category-tramwaj","tag-2011-04-15","tag-architektura","tag-czechy","tag-dp-plzen","tag-pilzno","tag-tatra-t3"],"_links":{"self":[{"href":"https:\/\/wgphoto.pl\/t\/index.php?rest_route=\/wp\/v2\/posts\/6162","targetHints":{"allow":["GET"]}}],"collection":[{"href":"https:\/\/wgphoto.pl\/t\/index.php?rest_route=\/wp\/v2\/posts"}],"about":[{"href":"https:\/\/wgphoto.pl\/t\/index.php?rest_route=\/wp\/v2\/types\/post"}],"author":[{"embeddable":true,"href":"https:\/\/wgphoto.pl\/t\/index.php?rest_route=\/wp\/v2\/users\/1"}],"replies":[{"embeddable":true,"href":"https:\/\/wgphoto.pl\/t\/index.php?rest_route=%2Fwp%2Fv2%2Fcomments&post=6162"}],"version-history":[{"count":1,"href":"https:\/\/wgphoto.pl\/t\/index.php?rest_route=\/wp\/v2\/posts\/6162\/revisions"}],"predecessor-version":[{"id":6164,"href":"https:\/\/wgphoto.pl\/t\/index.php?rest_route=\/wp\/v2\/posts\/6162\/revisions\/6164"}],"wp:featuredmedia":[{"embeddable":true,"href":"https:\/\/wgphoto.pl\/t\/index.php?rest_route=\/wp\/v2\/media\/6163"}],"wp:attachment":[{"href":"https:\/\/wgphoto.pl\/t\/index.php?rest_route=%2Fwp%2Fv2%2Fmedia&parent=6162"}],"wp:term":[{"taxonomy":"category","embeddable":true,"href":"https:\/\/wgphoto.pl\/t\/index.php?rest_route=%2Fwp%2Fv2%2Fcategories&post=6162"},{"taxonomy":"post_tag","embeddable":true,"href":"https:\/\/wgphoto.pl\/t\/index.php?rest_route=%2Fwp%2Fv2%2Ftags&post=6162"}],"curies":[{"name":"wp","href":"https:\/\/api.w.org\/{rel}","templated":true}]}}