{"id":6168,"date":"2024-11-18T16:56:33","date_gmt":"2024-11-18T15:56:33","guid":{"rendered":"https:\/\/wgphoto.pl\/t\/?p=6168"},"modified":"2024-11-18T16:56:33","modified_gmt":"2024-11-18T15:56:33","slug":"rimavska-sobota-1","status":"publish","type":"post","link":"https:\/\/wgphoto.pl\/t\/?p=6168","title":{"rendered":"Rimavsk\u00e1 Sobota (1)"},"content":{"rendered":"\n<figure class=\"wp-block-image aligncenter size-full\"><img loading=\"lazy\" decoding=\"async\" width=\"1300\" height=\"813\" src=\"https:\/\/wgphoto.pl\/t\/wp-content\/uploads\/2024\/11\/IMGP9203.jpg\" alt=\"\" class=\"wp-image-6169\" srcset=\"https:\/\/wgphoto.pl\/t\/wp-content\/uploads\/2024\/11\/IMGP9203.jpg 1300w, https:\/\/wgphoto.pl\/t\/wp-content\/uploads\/2024\/11\/IMGP9203-300x188.jpg 300w, https:\/\/wgphoto.pl\/t\/wp-content\/uploads\/2024\/11\/IMGP9203-768x480.jpg 768w\" sizes=\"auto, (max-width: 1300px) 100vw, 1300px\" \/><\/figure>\n\n\n\n<div class=\"wp-block-group has-global-padding is-layout-constrained wp-block-group-is-layout-constrained\">\n<p>Rimavsk\u00e1 Sobota o \u015bwicie. Pojazd z lewej (812.037-4) pojedzie jako poci\u0105g osobowy 6242 do Fi\u013eakova, a ten z prawej (812.011-5) w\u0142a\u015bnie odbywa 43-minutowy post\u00f3j na trasie kursu 6704 relacji Jesensk\u00e9 &#8211; Tisovec. 11.08.2020<\/p>\n<\/div>\n","protected":false},"excerpt":{"rendered":"<p>Rimavsk\u00e1 Sobota o \u015bwicie. Pojazd z lewej (812.037-4) pojedzie jako poci\u0105g osobowy 6242 do Fi\u013eakova, a ten z prawej (812.011-5) w\u0142a\u015bnie odbywa 43-minutowy post\u00f3j na trasie kursu 6704 relacji Jesensk\u00e9 &#8211; Tisovec. 11.08.2020<\/p>\n","protected":false},"author":1,"featured_media":6169,"comment_status":"open","ping_status":"","sticky":false,"template":"","format":"standard","meta":{"footnotes":""},"categories":[2,676],"tags":[1915,92,1906,196,2307,678,675,469],"class_list":["post-6168","post","type-post","status-publish","format-standard","has-post-thumbnail","hentry","category-kolej","category-rok-2020","tag-2020-08-11","tag-92","tag-1906","tag-linie-raczej-lokalne","tag-rimavska-sobota","tag-slovensko-uhersko-2020","tag-slowacja","tag-zssk"],"_links":{"self":[{"href":"https:\/\/wgphoto.pl\/t\/index.php?rest_route=\/wp\/v2\/posts\/6168","targetHints":{"allow":["GET"]}}],"collection":[{"href":"https:\/\/wgphoto.pl\/t\/index.php?rest_route=\/wp\/v2\/posts"}],"about":[{"href":"https:\/\/wgphoto.pl\/t\/index.php?rest_route=\/wp\/v2\/types\/post"}],"author":[{"embeddable":true,"href":"https:\/\/wgphoto.pl\/t\/index.php?rest_route=\/wp\/v2\/users\/1"}],"replies":[{"embeddable":true,"href":"https:\/\/wgphoto.pl\/t\/index.php?rest_route=%2Fwp%2Fv2%2Fcomments&post=6168"}],"version-history":[{"count":1,"href":"https:\/\/wgphoto.pl\/t\/index.php?rest_route=\/wp\/v2\/posts\/6168\/revisions"}],"predecessor-version":[{"id":6170,"href":"https:\/\/wgphoto.pl\/t\/index.php?rest_route=\/wp\/v2\/posts\/6168\/revisions\/6170"}],"wp:featuredmedia":[{"embeddable":true,"href":"https:\/\/wgphoto.pl\/t\/index.php?rest_route=\/wp\/v2\/media\/6169"}],"wp:attachment":[{"href":"https:\/\/wgphoto.pl\/t\/index.php?rest_route=%2Fwp%2Fv2%2Fmedia&parent=6168"}],"wp:term":[{"taxonomy":"category","embeddable":true,"href":"https:\/\/wgphoto.pl\/t\/index.php?rest_route=%2Fwp%2Fv2%2Fcategories&post=6168"},{"taxonomy":"post_tag","embeddable":true,"href":"https:\/\/wgphoto.pl\/t\/index.php?rest_route=%2Fwp%2Fv2%2Ftags&post=6168"}],"curies":[{"name":"wp","href":"https:\/\/api.w.org\/{rel}","templated":true}]}}