{"id":6192,"date":"2024-11-18T17:05:06","date_gmt":"2024-11-18T16:05:06","guid":{"rendered":"https:\/\/wgphoto.pl\/t\/?p=6192"},"modified":"2024-11-18T17:05:06","modified_gmt":"2024-11-18T16:05:06","slug":"na-przejezdzie-przez-ul-klecinska","status":"publish","type":"post","link":"https:\/\/wgphoto.pl\/t\/?p=6192","title":{"rendered":"Na przeje\u017adzie przez ul. Kleci\u0144sk\u0105"},"content":{"rendered":"\n<figure class=\"wp-block-image aligncenter size-full\"><img loading=\"lazy\" decoding=\"async\" width=\"1300\" height=\"867\" src=\"https:\/\/wgphoto.pl\/t\/wp-content\/uploads\/2024\/11\/0613-11.jpg\" alt=\"\" class=\"wp-image-6193\" srcset=\"https:\/\/wgphoto.pl\/t\/wp-content\/uploads\/2024\/11\/0613-11.jpg 1300w, https:\/\/wgphoto.pl\/t\/wp-content\/uploads\/2024\/11\/0613-11-300x200.jpg 300w, https:\/\/wgphoto.pl\/t\/wp-content\/uploads\/2024\/11\/0613-11-768x512.jpg 768w\" sizes=\"auto, (max-width: 1300px) 100vw, 1300px\" \/><\/figure>\n\n\n\n<div class=\"wp-block-group has-global-padding is-layout-constrained wp-block-group-is-layout-constrained\">\n<p>Szlak Wroc\u0142aw \u015awiebodzki &#8211; Wroc\u0142aw Zachodni, w miejscu obecnego przystanku Wroc\u0142aw Grabiszyn. ET21-331 prowadzi najlepszy poci\u0105g na linii &#8211; &#8222;Sudety&#8221; z Warszawy Wschodniej do Jeleniej G\u00f3ry. Na odcinku od Wroc\u0142awia poci\u0105g nosi\u0142 numer 16121 i jecha\u0142 w taryfie osobowej, czego sk\u0142ad z Warsem zupe\u0142nie nie sugeruje. 06.07.2006<\/p>\n<\/div>\n","protected":false},"excerpt":{"rendered":"<p>Szlak Wroc\u0142aw \u015awiebodzki &#8211; Wroc\u0142aw Zachodni, w miejscu obecnego przystanku Wroc\u0142aw Grabiszyn. ET21-331 prowadzi najlepszy poci\u0105g na linii &#8211; &#8222;Sudety&#8221; z Warszawy Wschodniej do Jeleniej G\u00f3ry. Na odcinku od Wroc\u0142awia poci\u0105g nosi\u0142 numer 16121 i jecha\u0142 w taryfie osobowej, czego sk\u0142ad z Warsem zupe\u0142nie nie sugeruje. 06.07.2006<\/p>\n","protected":false},"author":1,"featured_media":6193,"comment_status":"open","ping_status":"","sticky":false,"template":"","format":"standard","meta":{"footnotes":""},"categories":[62,2,130],"tags":[1276,198,63,27,200,41,2311,1515,1623],"class_list":["post-6192","post","type-post","status-publish","format-standard","has-post-thumbnail","hentry","category-analog","category-kolej","category-rok-2006","tag-2006-07-06","tag-et21","tag-pkp","tag-polska","tag-tab-pl240","tag-wroclaw","tag-wroclaw-grabiszyn","tag-wroclaw-swiebodzki","tag-wroclaw-zachodni"],"_links":{"self":[{"href":"https:\/\/wgphoto.pl\/t\/index.php?rest_route=\/wp\/v2\/posts\/6192","targetHints":{"allow":["GET"]}}],"collection":[{"href":"https:\/\/wgphoto.pl\/t\/index.php?rest_route=\/wp\/v2\/posts"}],"about":[{"href":"https:\/\/wgphoto.pl\/t\/index.php?rest_route=\/wp\/v2\/types\/post"}],"author":[{"embeddable":true,"href":"https:\/\/wgphoto.pl\/t\/index.php?rest_route=\/wp\/v2\/users\/1"}],"replies":[{"embeddable":true,"href":"https:\/\/wgphoto.pl\/t\/index.php?rest_route=%2Fwp%2Fv2%2Fcomments&post=6192"}],"version-history":[{"count":1,"href":"https:\/\/wgphoto.pl\/t\/index.php?rest_route=\/wp\/v2\/posts\/6192\/revisions"}],"predecessor-version":[{"id":6194,"href":"https:\/\/wgphoto.pl\/t\/index.php?rest_route=\/wp\/v2\/posts\/6192\/revisions\/6194"}],"wp:featuredmedia":[{"embeddable":true,"href":"https:\/\/wgphoto.pl\/t\/index.php?rest_route=\/wp\/v2\/media\/6193"}],"wp:attachment":[{"href":"https:\/\/wgphoto.pl\/t\/index.php?rest_route=%2Fwp%2Fv2%2Fmedia&parent=6192"}],"wp:term":[{"taxonomy":"category","embeddable":true,"href":"https:\/\/wgphoto.pl\/t\/index.php?rest_route=%2Fwp%2Fv2%2Fcategories&post=6192"},{"taxonomy":"post_tag","embeddable":true,"href":"https:\/\/wgphoto.pl\/t\/index.php?rest_route=%2Fwp%2Fv2%2Ftags&post=6192"}],"curies":[{"name":"wp","href":"https:\/\/api.w.org\/{rel}","templated":true}]}}