{"id":6198,"date":"2024-11-18T17:07:39","date_gmt":"2024-11-18T16:07:39","guid":{"rendered":"https:\/\/wgphoto.pl\/t\/?p=6198"},"modified":"2024-11-18T17:07:39","modified_gmt":"2024-11-18T16:07:39","slug":"witamy-w-krainie-gdzie-obcy-ginie","status":"publish","type":"post","link":"https:\/\/wgphoto.pl\/t\/?p=6198","title":{"rendered":"Witamy w krainie gdzie obcy ginie"},"content":{"rendered":"\n<figure class=\"wp-block-image aligncenter size-full\"><img loading=\"lazy\" decoding=\"async\" width=\"1300\" height=\"861\" src=\"https:\/\/wgphoto.pl\/t\/wp-content\/uploads\/2024\/11\/IMGP3234.jpg\" alt=\"\" class=\"wp-image-6199\" srcset=\"https:\/\/wgphoto.pl\/t\/wp-content\/uploads\/2024\/11\/IMGP3234.jpg 1300w, https:\/\/wgphoto.pl\/t\/wp-content\/uploads\/2024\/11\/IMGP3234-300x199.jpg 300w, https:\/\/wgphoto.pl\/t\/wp-content\/uploads\/2024\/11\/IMGP3234-768x509.jpg 768w\" sizes=\"auto, (max-width: 1300px) 100vw, 1300px\" \/><\/figure>\n\n\n\n<div class=\"wp-block-group has-global-padding is-layout-constrained wp-block-group-is-layout-constrained\">\n<p>Viale Regione Siciliana Nord Ovest w Palermo, czyli Aleja regionu p\u00f3\u0142nocno-zachodniej Sycylii, prezentuje typowy dla Po\u0142udnia ba\u0142agan komunikacyjny. Tramwaj pojawi\u0142 si\u0119 tu oko\u0142o dekad\u0119 temu (budowa sieci tramwajowej w Palermo trwa\u0142a od 2007 do 2015 roku), ale wszechobecne barierki i kraw\u0119\u017cniki na przejazdach przez torowisko wyra\u017anie sugeruj\u0105, \u017ce nie jest tu mile widzianym go\u015bciem. Ale trzeba przyzna\u0107, \u017ce dzi\u0119ki temu tramwaje nie utykaj\u0105 w korkach, a zkolei dzi\u0119ki temu maj\u0105 swoich pasa\u017cer\u00f3w. 29.03.2019<\/p>\n<\/div>\n","protected":false},"excerpt":{"rendered":"<p>Viale Regione Siciliana Nord Ovest w Palermo, czyli Aleja regionu p\u00f3\u0142nocno-zachodniej Sycylii, prezentuje typowy dla Po\u0142udnia ba\u0142agan komunikacyjny. Tramwaj pojawi\u0142 si\u0119 tu oko\u0142o dekad\u0119 temu (budowa sieci tramwajowej w Palermo trwa\u0142a od 2007 do 2015 roku), ale wszechobecne barierki i kraw\u0119\u017cniki na przejazdach przez torowisko wyra\u017anie sugeruj\u0105, \u017ce nie jest tu mile widzianym go\u015bciem. Ale [&hellip;]<\/p>\n","protected":false},"author":1,"featured_media":6199,"comment_status":"open","ping_status":"","sticky":false,"template":"","format":"standard","meta":{"footnotes":""},"categories":[136,3],"tags":[431,185,430,422,110],"class_list":["post-6198","post","type-post","status-publish","format-standard","has-post-thumbnail","hentry","category-rok-2019","category-tramwaj","tag-2019-03-29","tag-cityrunner","tag-palermo","tag-sycylia","tag-wlochy"],"_links":{"self":[{"href":"https:\/\/wgphoto.pl\/t\/index.php?rest_route=\/wp\/v2\/posts\/6198","targetHints":{"allow":["GET"]}}],"collection":[{"href":"https:\/\/wgphoto.pl\/t\/index.php?rest_route=\/wp\/v2\/posts"}],"about":[{"href":"https:\/\/wgphoto.pl\/t\/index.php?rest_route=\/wp\/v2\/types\/post"}],"author":[{"embeddable":true,"href":"https:\/\/wgphoto.pl\/t\/index.php?rest_route=\/wp\/v2\/users\/1"}],"replies":[{"embeddable":true,"href":"https:\/\/wgphoto.pl\/t\/index.php?rest_route=%2Fwp%2Fv2%2Fcomments&post=6198"}],"version-history":[{"count":1,"href":"https:\/\/wgphoto.pl\/t\/index.php?rest_route=\/wp\/v2\/posts\/6198\/revisions"}],"predecessor-version":[{"id":6200,"href":"https:\/\/wgphoto.pl\/t\/index.php?rest_route=\/wp\/v2\/posts\/6198\/revisions\/6200"}],"wp:featuredmedia":[{"embeddable":true,"href":"https:\/\/wgphoto.pl\/t\/index.php?rest_route=\/wp\/v2\/media\/6199"}],"wp:attachment":[{"href":"https:\/\/wgphoto.pl\/t\/index.php?rest_route=%2Fwp%2Fv2%2Fmedia&parent=6198"}],"wp:term":[{"taxonomy":"category","embeddable":true,"href":"https:\/\/wgphoto.pl\/t\/index.php?rest_route=%2Fwp%2Fv2%2Fcategories&post=6198"},{"taxonomy":"post_tag","embeddable":true,"href":"https:\/\/wgphoto.pl\/t\/index.php?rest_route=%2Fwp%2Fv2%2Ftags&post=6198"}],"curies":[{"name":"wp","href":"https:\/\/api.w.org\/{rel}","templated":true}]}}