{"id":6201,"date":"2024-11-18T17:09:00","date_gmt":"2024-11-18T16:09:00","guid":{"rendered":"https:\/\/wgphoto.pl\/t\/?p=6201"},"modified":"2024-11-18T17:09:00","modified_gmt":"2024-11-18T16:09:00","slug":"o-przelamaniu-kolorystycznych-stereotypow","status":"publish","type":"post","link":"https:\/\/wgphoto.pl\/t\/?p=6201","title":{"rendered":"O prze\u0142amaniu kolorystycznych stereotyp\u00f3w"},"content":{"rendered":"\n<figure class=\"wp-block-image aligncenter size-full\"><img loading=\"lazy\" decoding=\"async\" width=\"1300\" height=\"867\" src=\"https:\/\/wgphoto.pl\/t\/wp-content\/uploads\/2024\/11\/0804-32a.jpg\" alt=\"\" class=\"wp-image-6202\" srcset=\"https:\/\/wgphoto.pl\/t\/wp-content\/uploads\/2024\/11\/0804-32a.jpg 1300w, https:\/\/wgphoto.pl\/t\/wp-content\/uploads\/2024\/11\/0804-32a-300x200.jpg 300w, https:\/\/wgphoto.pl\/t\/wp-content\/uploads\/2024\/11\/0804-32a-768x512.jpg 768w\" sizes=\"auto, (max-width: 1300px) 100vw, 1300px\" \/><\/figure>\n\n\n\n<div class=\"wp-block-group has-global-padding is-layout-constrained wp-block-group-is-layout-constrained\">\n<p>102Na nr 7 jako etatowa nauka jazdy przeje\u017cd\u017ca przez katowicki rynek. G\u00f3rny \u015al\u0105sk kojarzy si\u0119 raczej z czerwonymi tramwajami i czerwon\u0105 ceg\u0142\u0105, wi\u0119c taki zestaw kolorystyczny wyda\u0142 mi si\u0119 interesuj\u0105cy. Aczkolwiek oczywi\u015bcie nie spodziewa\u0142em si\u0119 w og\u00f3le spotka\u0107 nauki jazdy, tym bardziej akurat w tym miejscu. 21.03.2008<\/p>\n<\/div>\n","protected":false},"excerpt":{"rendered":"<p>102Na nr 7 jako etatowa nauka jazdy przeje\u017cd\u017ca przez katowicki rynek. G\u00f3rny \u015al\u0105sk kojarzy si\u0119 raczej z czerwonymi tramwajami i czerwon\u0105 ceg\u0142\u0105, wi\u0119c taki zestaw kolorystyczny wyda\u0142 mi si\u0119 interesuj\u0105cy. Aczkolwiek oczywi\u015bcie nie spodziewa\u0142em si\u0119 w og\u00f3le spotka\u0107 nauki jazdy, tym bardziej akurat w tym miejscu. 21.03.2008<\/p>\n","protected":false},"author":1,"featured_media":6202,"comment_status":"open","ping_status":"","sticky":false,"template":"","format":"standard","meta":{"footnotes":""},"categories":[62,120,3],"tags":[1463,277,1371,309,27,279],"class_list":["post-6201","post","type-post","status-publish","format-standard","has-post-thumbnail","hentry","category-analog","category-rok-2008","category-tramwaj","tag-2008-03-21","tag-gop","tag-katowice","tag-konstal-102na","tag-polska","tag-tramwaje-slaskie"],"_links":{"self":[{"href":"https:\/\/wgphoto.pl\/t\/index.php?rest_route=\/wp\/v2\/posts\/6201","targetHints":{"allow":["GET"]}}],"collection":[{"href":"https:\/\/wgphoto.pl\/t\/index.php?rest_route=\/wp\/v2\/posts"}],"about":[{"href":"https:\/\/wgphoto.pl\/t\/index.php?rest_route=\/wp\/v2\/types\/post"}],"author":[{"embeddable":true,"href":"https:\/\/wgphoto.pl\/t\/index.php?rest_route=\/wp\/v2\/users\/1"}],"replies":[{"embeddable":true,"href":"https:\/\/wgphoto.pl\/t\/index.php?rest_route=%2Fwp%2Fv2%2Fcomments&post=6201"}],"version-history":[{"count":1,"href":"https:\/\/wgphoto.pl\/t\/index.php?rest_route=\/wp\/v2\/posts\/6201\/revisions"}],"predecessor-version":[{"id":6203,"href":"https:\/\/wgphoto.pl\/t\/index.php?rest_route=\/wp\/v2\/posts\/6201\/revisions\/6203"}],"wp:featuredmedia":[{"embeddable":true,"href":"https:\/\/wgphoto.pl\/t\/index.php?rest_route=\/wp\/v2\/media\/6202"}],"wp:attachment":[{"href":"https:\/\/wgphoto.pl\/t\/index.php?rest_route=%2Fwp%2Fv2%2Fmedia&parent=6201"}],"wp:term":[{"taxonomy":"category","embeddable":true,"href":"https:\/\/wgphoto.pl\/t\/index.php?rest_route=%2Fwp%2Fv2%2Fcategories&post=6201"},{"taxonomy":"post_tag","embeddable":true,"href":"https:\/\/wgphoto.pl\/t\/index.php?rest_route=%2Fwp%2Fv2%2Ftags&post=6201"}],"curies":[{"name":"wp","href":"https:\/\/api.w.org\/{rel}","templated":true}]}}