{"id":6225,"date":"2024-11-18T17:17:58","date_gmt":"2024-11-18T16:17:58","guid":{"rendered":"https:\/\/wgphoto.pl\/t\/?p=6225"},"modified":"2024-11-18T17:17:58","modified_gmt":"2024-11-18T16:17:58","slug":"coraz-blizej-swieta","status":"publish","type":"post","link":"https:\/\/wgphoto.pl\/t\/?p=6225","title":{"rendered":"Coraz bli\u017cej \u015awi\u0119ta"},"content":{"rendered":"\n<figure class=\"wp-block-image aligncenter size-full\"><img loading=\"lazy\" decoding=\"async\" width=\"1300\" height=\"861\" src=\"https:\/\/wgphoto.pl\/t\/wp-content\/uploads\/2024\/11\/IMGP8834.jpg\" alt=\"\" class=\"wp-image-6226\" srcset=\"https:\/\/wgphoto.pl\/t\/wp-content\/uploads\/2024\/11\/IMGP8834.jpg 1300w, https:\/\/wgphoto.pl\/t\/wp-content\/uploads\/2024\/11\/IMGP8834-300x199.jpg 300w, https:\/\/wgphoto.pl\/t\/wp-content\/uploads\/2024\/11\/IMGP8834-768x509.jpg 768w\" sizes=\"auto, (max-width: 1300px) 100vw, 1300px\" \/><\/figure>\n\n\n\n<div class=\"wp-block-group has-global-padding is-layout-constrained wp-block-group-is-layout-constrained\">\n<p>G\u00f6rlitz, Berliner Stra\u00dfe. Wagon KT4DMC nr 308 jedzie niegdysiejszym deptakiem, \u0142\u0105cz\u0105cym widoczny w tle dworzec kolejowy ze \u015bcis\u0142ym centrum miasta. 20.12.2016<\/p>\n<\/div>\n","protected":false},"excerpt":{"rendered":"<p>G\u00f6rlitz, Berliner Stra\u00dfe. Wagon KT4DMC nr 308 jedzie niegdysiejszym deptakiem, \u0142\u0105cz\u0105cym widoczny w tle dworzec kolejowy ze \u015bcis\u0142ym centrum miasta. 20.12.2016<\/p>\n","protected":false},"author":1,"featured_media":6226,"comment_status":"open","ping_status":"","sticky":false,"template":"","format":"standard","meta":{"footnotes":""},"categories":[125,3],"tags":[2318,31,821,23,380,1491,33,129],"class_list":["post-6225","post","type-post","status-publish","format-standard","has-post-thumbnail","hentry","category-rok-2016","category-tramwaj","tag-2016-12-20","tag-gorlitz","tag-mgla","tag-niemcy","tag-spod-dworca","tag-swiateczne-akcenty","tag-tatra-kt4","tag-vgg-gorlitz"],"_links":{"self":[{"href":"https:\/\/wgphoto.pl\/t\/index.php?rest_route=\/wp\/v2\/posts\/6225","targetHints":{"allow":["GET"]}}],"collection":[{"href":"https:\/\/wgphoto.pl\/t\/index.php?rest_route=\/wp\/v2\/posts"}],"about":[{"href":"https:\/\/wgphoto.pl\/t\/index.php?rest_route=\/wp\/v2\/types\/post"}],"author":[{"embeddable":true,"href":"https:\/\/wgphoto.pl\/t\/index.php?rest_route=\/wp\/v2\/users\/1"}],"replies":[{"embeddable":true,"href":"https:\/\/wgphoto.pl\/t\/index.php?rest_route=%2Fwp%2Fv2%2Fcomments&post=6225"}],"version-history":[{"count":1,"href":"https:\/\/wgphoto.pl\/t\/index.php?rest_route=\/wp\/v2\/posts\/6225\/revisions"}],"predecessor-version":[{"id":6227,"href":"https:\/\/wgphoto.pl\/t\/index.php?rest_route=\/wp\/v2\/posts\/6225\/revisions\/6227"}],"wp:featuredmedia":[{"embeddable":true,"href":"https:\/\/wgphoto.pl\/t\/index.php?rest_route=\/wp\/v2\/media\/6226"}],"wp:attachment":[{"href":"https:\/\/wgphoto.pl\/t\/index.php?rest_route=%2Fwp%2Fv2%2Fmedia&parent=6225"}],"wp:term":[{"taxonomy":"category","embeddable":true,"href":"https:\/\/wgphoto.pl\/t\/index.php?rest_route=%2Fwp%2Fv2%2Fcategories&post=6225"},{"taxonomy":"post_tag","embeddable":true,"href":"https:\/\/wgphoto.pl\/t\/index.php?rest_route=%2Fwp%2Fv2%2Ftags&post=6225"}],"curies":[{"name":"wp","href":"https:\/\/api.w.org\/{rel}","templated":true}]}}