{"id":6228,"date":"2024-11-18T18:35:59","date_gmt":"2024-11-18T17:35:59","guid":{"rendered":"https:\/\/wgphoto.pl\/t\/?p=6228"},"modified":"2024-11-18T18:35:59","modified_gmt":"2024-11-18T17:35:59","slug":"zmiescil-sie","status":"publish","type":"post","link":"https:\/\/wgphoto.pl\/t\/?p=6228","title":{"rendered":"Zmie\u015bci\u0142 si\u0119"},"content":{"rendered":"\n<figure class=\"wp-block-image aligncenter size-full\"><img loading=\"lazy\" decoding=\"async\" width=\"1300\" height=\"862\" src=\"https:\/\/wgphoto.pl\/t\/wp-content\/uploads\/2024\/11\/0521-35.jpg\" alt=\"\" class=\"wp-image-6229\" srcset=\"https:\/\/wgphoto.pl\/t\/wp-content\/uploads\/2024\/11\/0521-35.jpg 1300w, https:\/\/wgphoto.pl\/t\/wp-content\/uploads\/2024\/11\/0521-35-300x199.jpg 300w, https:\/\/wgphoto.pl\/t\/wp-content\/uploads\/2024\/11\/0521-35-768x509.jpg 768w\" sizes=\"auto, (max-width: 1300px) 100vw, 1300px\" \/><\/figure>\n\n\n\n<div class=\"wp-block-group has-global-padding is-layout-constrained wp-block-group-is-layout-constrained\">\n<p>Poci\u0105g osobowy 8034 relacji Wa\u0142brzych G\u0142. &#8211; K\u0142odzko G\u0142. przeje\u017cd\u017ca po &#8222;czarnym mo\u015bcie&#8221; w Nowej Rudzie. Foto powsta\u0142o pewnie na ostatni\u0105 chwil\u0119 albo bez pomys\u0142u, ale przynajmniej ca\u0142y sk\u0142ad wszed\u0142. \ud83d\ude09 17.08.2005<\/p>\n<\/div>\n","protected":false},"excerpt":{"rendered":"<p>Poci\u0105g osobowy 8034 relacji Wa\u0142brzych G\u0142. &#8211; K\u0142odzko G\u0142. przeje\u017cd\u017ca po &#8222;czarnym mo\u015bcie&#8221; w Nowej Rudzie. Foto powsta\u0142o pewnie na ostatni\u0105 chwil\u0119 albo bez pomys\u0142u, ale przynajmniej ca\u0142y sk\u0142ad wszed\u0142. \ud83d\ude09 17.08.2005<\/p>\n","protected":false},"author":1,"featured_media":6229,"comment_status":"open","ping_status":"","sticky":false,"template":"","format":"standard","meta":{"footnotes":""},"categories":[62,2,311],"tags":[1965,45,464,2251,63,27,250,391],"class_list":["post-6228","post","type-post","status-publish","format-standard","has-post-thumbnail","hentry","category-analog","category-kolej","category-rok-2005","tag-2005-08-17","tag-most","tag-nowa-ruda","tag-nowa-ruda-przedmiescie","tag-pkp","tag-polska","tag-su42","tag-tab-pl245"],"_links":{"self":[{"href":"https:\/\/wgphoto.pl\/t\/index.php?rest_route=\/wp\/v2\/posts\/6228","targetHints":{"allow":["GET"]}}],"collection":[{"href":"https:\/\/wgphoto.pl\/t\/index.php?rest_route=\/wp\/v2\/posts"}],"about":[{"href":"https:\/\/wgphoto.pl\/t\/index.php?rest_route=\/wp\/v2\/types\/post"}],"author":[{"embeddable":true,"href":"https:\/\/wgphoto.pl\/t\/index.php?rest_route=\/wp\/v2\/users\/1"}],"replies":[{"embeddable":true,"href":"https:\/\/wgphoto.pl\/t\/index.php?rest_route=%2Fwp%2Fv2%2Fcomments&post=6228"}],"version-history":[{"count":1,"href":"https:\/\/wgphoto.pl\/t\/index.php?rest_route=\/wp\/v2\/posts\/6228\/revisions"}],"predecessor-version":[{"id":6230,"href":"https:\/\/wgphoto.pl\/t\/index.php?rest_route=\/wp\/v2\/posts\/6228\/revisions\/6230"}],"wp:featuredmedia":[{"embeddable":true,"href":"https:\/\/wgphoto.pl\/t\/index.php?rest_route=\/wp\/v2\/media\/6229"}],"wp:attachment":[{"href":"https:\/\/wgphoto.pl\/t\/index.php?rest_route=%2Fwp%2Fv2%2Fmedia&parent=6228"}],"wp:term":[{"taxonomy":"category","embeddable":true,"href":"https:\/\/wgphoto.pl\/t\/index.php?rest_route=%2Fwp%2Fv2%2Fcategories&post=6228"},{"taxonomy":"post_tag","embeddable":true,"href":"https:\/\/wgphoto.pl\/t\/index.php?rest_route=%2Fwp%2Fv2%2Ftags&post=6228"}],"curies":[{"name":"wp","href":"https:\/\/api.w.org\/{rel}","templated":true}]}}