{"id":6243,"date":"2024-11-19T18:55:09","date_gmt":"2024-11-19T17:55:09","guid":{"rendered":"https:\/\/wgphoto.pl\/t\/?p=6243"},"modified":"2024-11-19T18:55:09","modified_gmt":"2024-11-19T17:55:09","slug":"nordbahnbrucke-z-gory","status":"publish","type":"post","link":"https:\/\/wgphoto.pl\/t\/?p=6243","title":{"rendered":"Nordbahnbr\u00fccke z g\u00f3ry"},"content":{"rendered":"\n<figure class=\"wp-block-image aligncenter size-full\"><img loading=\"lazy\" decoding=\"async\" width=\"1300\" height=\"867\" src=\"https:\/\/wgphoto.pl\/t\/wp-content\/uploads\/2024\/11\/2002v-07.jpg\" alt=\"\" class=\"wp-image-6244\" srcset=\"https:\/\/wgphoto.pl\/t\/wp-content\/uploads\/2024\/11\/2002v-07.jpg 1300w, https:\/\/wgphoto.pl\/t\/wp-content\/uploads\/2024\/11\/2002v-07-300x200.jpg 300w, https:\/\/wgphoto.pl\/t\/wp-content\/uploads\/2024\/11\/2002v-07-768x512.jpg 768w\" sizes=\"auto, (max-width: 1300px) 100vw, 1300px\" \/><\/figure>\n\n\n\n<div class=\"wp-block-group has-global-padding is-layout-constrained wp-block-group-is-layout-constrained\">\n<p>Dwusystemowa lokomotywa 1014.018-4 prowadzi mi\u0119dzynarodowy poci\u0105g relacji Wien Nord &#8211; B\u0159eclav. Sk\u0142ad znajduje si\u0119 na odcinku Wien Handelskai &#8211; Wien Floridsdorf, niemal w tym samym miejscu co S-bahn z s\u0105siedniego zdj\u0119cia, tyle \u017ce to foto powsta\u0142o przez szyb\u0119 ze stacji metra linii U6. 07.09.2002<\/p>\n<\/div>\n","protected":false},"excerpt":{"rendered":"<p>Dwusystemowa lokomotywa 1014.018-4 prowadzi mi\u0119dzynarodowy poci\u0105g relacji Wien Nord &#8211; B\u0159eclav. Sk\u0142ad znajduje si\u0119 na odcinku Wien Handelskai &#8211; Wien Floridsdorf, niemal w tym samym miejscu co S-bahn z s\u0105siedniego zdj\u0119cia, tyle \u017ce to foto powsta\u0142o przez szyb\u0119 ze stacji metra linii U6. 07.09.2002<\/p>\n","protected":false},"author":1,"featured_media":6244,"comment_status":"open","ping_status":"","sticky":false,"template":"","format":"standard","meta":{"footnotes":""},"categories":[62,2,577],"tags":[2323,582,9,45,11,97,2325,2324],"class_list":["post-6243","post","type-post","status-publish","format-standard","has-post-thumbnail","hentry","category-analog","category-kolej","category-rok-2002","tag-2323","tag-2002-09-07","tag-austria","tag-most","tag-obb","tag-wieden","tag-wien-floridsdorf","tag-wien-handelskai"],"_links":{"self":[{"href":"https:\/\/wgphoto.pl\/t\/index.php?rest_route=\/wp\/v2\/posts\/6243","targetHints":{"allow":["GET"]}}],"collection":[{"href":"https:\/\/wgphoto.pl\/t\/index.php?rest_route=\/wp\/v2\/posts"}],"about":[{"href":"https:\/\/wgphoto.pl\/t\/index.php?rest_route=\/wp\/v2\/types\/post"}],"author":[{"embeddable":true,"href":"https:\/\/wgphoto.pl\/t\/index.php?rest_route=\/wp\/v2\/users\/1"}],"replies":[{"embeddable":true,"href":"https:\/\/wgphoto.pl\/t\/index.php?rest_route=%2Fwp%2Fv2%2Fcomments&post=6243"}],"version-history":[{"count":1,"href":"https:\/\/wgphoto.pl\/t\/index.php?rest_route=\/wp\/v2\/posts\/6243\/revisions"}],"predecessor-version":[{"id":6245,"href":"https:\/\/wgphoto.pl\/t\/index.php?rest_route=\/wp\/v2\/posts\/6243\/revisions\/6245"}],"wp:featuredmedia":[{"embeddable":true,"href":"https:\/\/wgphoto.pl\/t\/index.php?rest_route=\/wp\/v2\/media\/6244"}],"wp:attachment":[{"href":"https:\/\/wgphoto.pl\/t\/index.php?rest_route=%2Fwp%2Fv2%2Fmedia&parent=6243"}],"wp:term":[{"taxonomy":"category","embeddable":true,"href":"https:\/\/wgphoto.pl\/t\/index.php?rest_route=%2Fwp%2Fv2%2Fcategories&post=6243"},{"taxonomy":"post_tag","embeddable":true,"href":"https:\/\/wgphoto.pl\/t\/index.php?rest_route=%2Fwp%2Fv2%2Ftags&post=6243"}],"curies":[{"name":"wp","href":"https:\/\/api.w.org\/{rel}","templated":true}]}}