{"id":6249,"date":"2024-11-19T18:57:10","date_gmt":"2024-11-19T17:57:10","guid":{"rendered":"https:\/\/wgphoto.pl\/t\/?p=6249"},"modified":"2024-11-19T18:57:10","modified_gmt":"2024-11-19T17:57:10","slug":"wracajmy","status":"publish","type":"post","link":"https:\/\/wgphoto.pl\/t\/?p=6249","title":{"rendered":"Wracajmy"},"content":{"rendered":"\n<figure class=\"wp-block-image aligncenter size-full\"><img loading=\"lazy\" decoding=\"async\" width=\"1300\" height=\"870\" src=\"https:\/\/wgphoto.pl\/t\/wp-content\/uploads\/2024\/11\/IMGP6800.jpg\" alt=\"\" class=\"wp-image-6250\" srcset=\"https:\/\/wgphoto.pl\/t\/wp-content\/uploads\/2024\/11\/IMGP6800.jpg 1300w, https:\/\/wgphoto.pl\/t\/wp-content\/uploads\/2024\/11\/IMGP6800-300x201.jpg 300w, https:\/\/wgphoto.pl\/t\/wp-content\/uploads\/2024\/11\/IMGP6800-768x514.jpg 768w\" sizes=\"auto, (max-width: 1300px) 100vw, 1300px\" \/><\/figure>\n\n\n\n<div class=\"wp-block-group has-global-padding is-layout-constrained wp-block-group-is-layout-constrained\">\n<p>Porto, Rua do Passeio Alegre. Wagon nr 213 dotar\u0142 do zachodniego kra\u0144ca sieci i po obr\u00f3ceniu rolkowego odbieraka pr\u0105du czeka na kurs powrotny. 02.09.2010<\/p>\n<\/div>\n","protected":false},"excerpt":{"rendered":"<p>Porto, Rua do Passeio Alegre. Wagon nr 213 dotar\u0142 do zachodniego kra\u0144ca sieci i po obr\u00f3ceniu rolkowego odbieraka pr\u0105du czeka na kurs powrotny. 02.09.2010<\/p>\n","protected":false},"author":1,"featured_media":6250,"comment_status":"open","ping_status":"","sticky":false,"template":"","format":"standard","meta":{"footnotes":""},"categories":[86,3],"tags":[1198,1197,173,503,297,1196,90],"class_list":["post-6249","post","type-post","status-publish","format-standard","has-post-thumbnail","hentry","category-rok-2010","category-tramwaj","tag-2010-09-02","tag-brill-28","tag-koncowki","tag-porto","tag-portugalia","tag-stcp-porto","tag-wieczorem"],"_links":{"self":[{"href":"https:\/\/wgphoto.pl\/t\/index.php?rest_route=\/wp\/v2\/posts\/6249","targetHints":{"allow":["GET"]}}],"collection":[{"href":"https:\/\/wgphoto.pl\/t\/index.php?rest_route=\/wp\/v2\/posts"}],"about":[{"href":"https:\/\/wgphoto.pl\/t\/index.php?rest_route=\/wp\/v2\/types\/post"}],"author":[{"embeddable":true,"href":"https:\/\/wgphoto.pl\/t\/index.php?rest_route=\/wp\/v2\/users\/1"}],"replies":[{"embeddable":true,"href":"https:\/\/wgphoto.pl\/t\/index.php?rest_route=%2Fwp%2Fv2%2Fcomments&post=6249"}],"version-history":[{"count":1,"href":"https:\/\/wgphoto.pl\/t\/index.php?rest_route=\/wp\/v2\/posts\/6249\/revisions"}],"predecessor-version":[{"id":6251,"href":"https:\/\/wgphoto.pl\/t\/index.php?rest_route=\/wp\/v2\/posts\/6249\/revisions\/6251"}],"wp:featuredmedia":[{"embeddable":true,"href":"https:\/\/wgphoto.pl\/t\/index.php?rest_route=\/wp\/v2\/media\/6250"}],"wp:attachment":[{"href":"https:\/\/wgphoto.pl\/t\/index.php?rest_route=%2Fwp%2Fv2%2Fmedia&parent=6249"}],"wp:term":[{"taxonomy":"category","embeddable":true,"href":"https:\/\/wgphoto.pl\/t\/index.php?rest_route=%2Fwp%2Fv2%2Fcategories&post=6249"},{"taxonomy":"post_tag","embeddable":true,"href":"https:\/\/wgphoto.pl\/t\/index.php?rest_route=%2Fwp%2Fv2%2Ftags&post=6249"}],"curies":[{"name":"wp","href":"https:\/\/api.w.org\/{rel}","templated":true}]}}