{"id":6252,"date":"2024-11-19T18:58:10","date_gmt":"2024-11-19T17:58:10","guid":{"rendered":"https:\/\/wgphoto.pl\/t\/?p=6252"},"modified":"2024-11-19T18:58:10","modified_gmt":"2024-11-19T17:58:10","slug":"koniec-trasy-3","status":"publish","type":"post","link":"https:\/\/wgphoto.pl\/t\/?p=6252","title":{"rendered":"Koniec trasy"},"content":{"rendered":"\n<figure class=\"wp-block-image aligncenter size-full\"><img loading=\"lazy\" decoding=\"async\" width=\"750\" height=\"1000\" src=\"https:\/\/wgphoto.pl\/t\/wp-content\/uploads\/2024\/11\/IMGP6799.jpg\" alt=\"\" class=\"wp-image-6253\" srcset=\"https:\/\/wgphoto.pl\/t\/wp-content\/uploads\/2024\/11\/IMGP6799.jpg 750w, https:\/\/wgphoto.pl\/t\/wp-content\/uploads\/2024\/11\/IMGP6799-225x300.jpg 225w\" sizes=\"auto, (max-width: 750px) 100vw, 750px\" \/><\/figure>\n\n\n\n<div class=\"wp-block-group has-global-padding is-layout-constrained wp-block-group-is-layout-constrained\">\n<p>Porto, Rua do Passeio Alegre. Wagon nr 213 na zachodnim kra\u0144cu sieci, po\u0142o\u017conym kilkaset metr\u00f3w od wybrze\u017ca oceanu. Niegdy\u015b trasa wiod\u0142a dalej, wzd\u0142u\u017c oceanu, do Matosinhos. 02.09.2010<\/p>\n<\/div>\n","protected":false},"excerpt":{"rendered":"<p>Porto, Rua do Passeio Alegre. Wagon nr 213 na zachodnim kra\u0144cu sieci, po\u0142o\u017conym kilkaset metr\u00f3w od wybrze\u017ca oceanu. Niegdy\u015b trasa wiod\u0142a dalej, wzd\u0142u\u017c oceanu, do Matosinhos. 02.09.2010<\/p>\n","protected":false},"author":1,"featured_media":6253,"comment_status":"open","ping_status":"","sticky":false,"template":"","format":"standard","meta":{"footnotes":""},"categories":[128,86,3],"tags":[1198,1197,173,503,297,1196],"class_list":["post-6252","post","type-post","status-publish","format-standard","has-post-thumbnail","hentry","category-pionowe","category-rok-2010","category-tramwaj","tag-2010-09-02","tag-brill-28","tag-koncowki","tag-porto","tag-portugalia","tag-stcp-porto"],"_links":{"self":[{"href":"https:\/\/wgphoto.pl\/t\/index.php?rest_route=\/wp\/v2\/posts\/6252","targetHints":{"allow":["GET"]}}],"collection":[{"href":"https:\/\/wgphoto.pl\/t\/index.php?rest_route=\/wp\/v2\/posts"}],"about":[{"href":"https:\/\/wgphoto.pl\/t\/index.php?rest_route=\/wp\/v2\/types\/post"}],"author":[{"embeddable":true,"href":"https:\/\/wgphoto.pl\/t\/index.php?rest_route=\/wp\/v2\/users\/1"}],"replies":[{"embeddable":true,"href":"https:\/\/wgphoto.pl\/t\/index.php?rest_route=%2Fwp%2Fv2%2Fcomments&post=6252"}],"version-history":[{"count":1,"href":"https:\/\/wgphoto.pl\/t\/index.php?rest_route=\/wp\/v2\/posts\/6252\/revisions"}],"predecessor-version":[{"id":6254,"href":"https:\/\/wgphoto.pl\/t\/index.php?rest_route=\/wp\/v2\/posts\/6252\/revisions\/6254"}],"wp:featuredmedia":[{"embeddable":true,"href":"https:\/\/wgphoto.pl\/t\/index.php?rest_route=\/wp\/v2\/media\/6253"}],"wp:attachment":[{"href":"https:\/\/wgphoto.pl\/t\/index.php?rest_route=%2Fwp%2Fv2%2Fmedia&parent=6252"}],"wp:term":[{"taxonomy":"category","embeddable":true,"href":"https:\/\/wgphoto.pl\/t\/index.php?rest_route=%2Fwp%2Fv2%2Fcategories&post=6252"},{"taxonomy":"post_tag","embeddable":true,"href":"https:\/\/wgphoto.pl\/t\/index.php?rest_route=%2Fwp%2Fv2%2Ftags&post=6252"}],"curies":[{"name":"wp","href":"https:\/\/api.w.org\/{rel}","templated":true}]}}