{"id":6264,"date":"2024-11-19T19:02:24","date_gmt":"2024-11-19T18:02:24","guid":{"rendered":"https:\/\/wgphoto.pl\/t\/?p=6264"},"modified":"2024-11-19T19:02:24","modified_gmt":"2024-11-19T18:02:24","slug":"swidnicki-poranek","status":"publish","type":"post","link":"https:\/\/wgphoto.pl\/t\/?p=6264","title":{"rendered":"\u015awidnicki poranek"},"content":{"rendered":"\n<figure class=\"wp-block-image aligncenter size-full\"><img loading=\"lazy\" decoding=\"async\" width=\"1050\" height=\"656\" src=\"https:\/\/wgphoto.pl\/t\/wp-content\/uploads\/2024\/11\/DSCF6318.jpg\" alt=\"\" class=\"wp-image-6265\" srcset=\"https:\/\/wgphoto.pl\/t\/wp-content\/uploads\/2024\/11\/DSCF6318.jpg 1050w, https:\/\/wgphoto.pl\/t\/wp-content\/uploads\/2024\/11\/DSCF6318-300x187.jpg 300w, https:\/\/wgphoto.pl\/t\/wp-content\/uploads\/2024\/11\/DSCF6318-768x480.jpg 768w\" sizes=\"auto, (max-width: 1050px) 100vw, 1050px\" \/><\/figure>\n\n\n\n<div class=\"wp-block-group has-global-padding is-layout-constrained wp-block-group-is-layout-constrained\">\n<p>Stacja \u015awidnica Miasto o godzinie 7:07. Poci\u0105g osobowy 44120 z Legnicy, prowadzony maszyn\u0105 serii SP32, 9 minut po planie wyrusza w dalsz\u0105 drog\u0119 do Kamie\u0144ca Z\u0105bkowickiego. 11.03.2008<\/p>\n<\/div>\n","protected":false},"excerpt":{"rendered":"<p>Stacja \u015awidnica Miasto o godzinie 7:07. Poci\u0105g osobowy 44120 z Legnicy, prowadzony maszyn\u0105 serii SP32, 9 minut po planie wyrusza w dalsz\u0105 drog\u0119 do Kamie\u0144ca Z\u0105bkowickiego. 11.03.2008<\/p>\n","protected":false},"author":1,"featured_media":6265,"comment_status":"open","ping_status":"","sticky":false,"template":"","format":"standard","meta":{"footnotes":""},"categories":[2,120],"tags":[2135,114,173,63,27,176,1019,319,265],"class_list":["post-6264","post","type-post","status-publish","format-standard","has-post-thumbnail","hentry","category-kolej","category-rok-2008","tag-2008-03-11","tag-gory","tag-koncowki","tag-pkp","tag-polska","tag-rano","tag-swidnica-miasto","tag-tab-pl235","tag-wagon"],"_links":{"self":[{"href":"https:\/\/wgphoto.pl\/t\/index.php?rest_route=\/wp\/v2\/posts\/6264","targetHints":{"allow":["GET"]}}],"collection":[{"href":"https:\/\/wgphoto.pl\/t\/index.php?rest_route=\/wp\/v2\/posts"}],"about":[{"href":"https:\/\/wgphoto.pl\/t\/index.php?rest_route=\/wp\/v2\/types\/post"}],"author":[{"embeddable":true,"href":"https:\/\/wgphoto.pl\/t\/index.php?rest_route=\/wp\/v2\/users\/1"}],"replies":[{"embeddable":true,"href":"https:\/\/wgphoto.pl\/t\/index.php?rest_route=%2Fwp%2Fv2%2Fcomments&post=6264"}],"version-history":[{"count":1,"href":"https:\/\/wgphoto.pl\/t\/index.php?rest_route=\/wp\/v2\/posts\/6264\/revisions"}],"predecessor-version":[{"id":6266,"href":"https:\/\/wgphoto.pl\/t\/index.php?rest_route=\/wp\/v2\/posts\/6264\/revisions\/6266"}],"wp:featuredmedia":[{"embeddable":true,"href":"https:\/\/wgphoto.pl\/t\/index.php?rest_route=\/wp\/v2\/media\/6265"}],"wp:attachment":[{"href":"https:\/\/wgphoto.pl\/t\/index.php?rest_route=%2Fwp%2Fv2%2Fmedia&parent=6264"}],"wp:term":[{"taxonomy":"category","embeddable":true,"href":"https:\/\/wgphoto.pl\/t\/index.php?rest_route=%2Fwp%2Fv2%2Fcategories&post=6264"},{"taxonomy":"post_tag","embeddable":true,"href":"https:\/\/wgphoto.pl\/t\/index.php?rest_route=%2Fwp%2Fv2%2Ftags&post=6264"}],"curies":[{"name":"wp","href":"https:\/\/api.w.org\/{rel}","templated":true}]}}