{"id":6283,"date":"2024-11-22T15:05:12","date_gmt":"2024-11-22T14:05:12","guid":{"rendered":"https:\/\/wgphoto.pl\/t\/?p=6283"},"modified":"2024-11-22T15:05:12","modified_gmt":"2024-11-22T14:05:12","slug":"bozonarodzeniowe-e","status":"publish","type":"post","link":"https:\/\/wgphoto.pl\/t\/?p=6283","title":{"rendered":"Bo\u017conarodzeniowe E"},"content":{"rendered":"\n<figure class=\"wp-block-image aligncenter size-full\"><img loading=\"lazy\" decoding=\"async\" width=\"1300\" height=\"867\" src=\"https:\/\/wgphoto.pl\/t\/wp-content\/uploads\/2024\/11\/0738-23.jpg\" alt=\"\" class=\"wp-image-6284\" srcset=\"https:\/\/wgphoto.pl\/t\/wp-content\/uploads\/2024\/11\/0738-23.jpg 1300w, https:\/\/wgphoto.pl\/t\/wp-content\/uploads\/2024\/11\/0738-23-300x200.jpg 300w, https:\/\/wgphoto.pl\/t\/wp-content\/uploads\/2024\/11\/0738-23-768x512.jpg 768w\" sizes=\"auto, (max-width: 1300px) 100vw, 1300px\" \/><\/figure>\n\n\n\n<div class=\"wp-block-group has-global-padding is-layout-constrained wp-block-group-is-layout-constrained\">\n<p>Wroc\u0142aw, pl. Teatralny. Zestaw 105Na 2354+2353 obs\u0142uguje lini\u0119 specjaln\u0105 &#8222;E&#8221;, kt\u00f3ra je\u017adzi\u0142a spod Opery do ZOO i mia\u0142a na celu rozkr\u0119cenie \u015bwi\u0105tecznych atrakcji w rejonie Hali Stulecia. By\u0142o tam pewnie co najmniej lodowisko. Ja osobi\u015bcie widzia\u0142bym tam te\u017c konkurencyjny jarmark bo\u017conarodzeniowy, \u017ceby odci\u0105\u017cy\u0107 troch\u0119 Rynek, ale w\u0142adze miasta chyba jeszcze nie wpad\u0142y na ten pomys\u0142. 16.12.2007<\/p>\n<\/div>\n","protected":false},"excerpt":{"rendered":"<p>Wroc\u0142aw, pl. Teatralny. Zestaw 105Na 2354+2353 obs\u0142uguje lini\u0119 specjaln\u0105 &#8222;E&#8221;, kt\u00f3ra je\u017adzi\u0142a spod Opery do ZOO i mia\u0142a na celu rozkr\u0119cenie \u015bwi\u0105tecznych atrakcji w rejonie Hali Stulecia. By\u0142o tam pewnie co najmniej lodowisko. Ja osobi\u015bcie widzia\u0142bym tam te\u017c konkurencyjny jarmark bo\u017conarodzeniowy, \u017ceby odci\u0105\u017cy\u0107 troch\u0119 Rynek, ale w\u0142adze miasta chyba jeszcze nie wpad\u0142y na ten pomys\u0142. [&hellip;]<\/p>\n","protected":false},"author":1,"featured_media":6284,"comment_status":"open","ping_status":"","sticky":false,"template":"","format":"standard","meta":{"footnotes":""},"categories":[62,96,3],"tags":[155,2334,2333,42,154,27,1491,41,127],"class_list":["post-6283","post","type-post","status-publish","format-standard","has-post-thumbnail","hentry","category-analog","category-rok-2007","category-tramwaj","tag-105na","tag-2007-12-16","tag-lh-standard","tag-mpk-wroclaw","tag-noc","tag-polska","tag-swiateczne-akcenty","tag-wroclaw","tag-wroclawskie-e"],"_links":{"self":[{"href":"https:\/\/wgphoto.pl\/t\/index.php?rest_route=\/wp\/v2\/posts\/6283","targetHints":{"allow":["GET"]}}],"collection":[{"href":"https:\/\/wgphoto.pl\/t\/index.php?rest_route=\/wp\/v2\/posts"}],"about":[{"href":"https:\/\/wgphoto.pl\/t\/index.php?rest_route=\/wp\/v2\/types\/post"}],"author":[{"embeddable":true,"href":"https:\/\/wgphoto.pl\/t\/index.php?rest_route=\/wp\/v2\/users\/1"}],"replies":[{"embeddable":true,"href":"https:\/\/wgphoto.pl\/t\/index.php?rest_route=%2Fwp%2Fv2%2Fcomments&post=6283"}],"version-history":[{"count":1,"href":"https:\/\/wgphoto.pl\/t\/index.php?rest_route=\/wp\/v2\/posts\/6283\/revisions"}],"predecessor-version":[{"id":6285,"href":"https:\/\/wgphoto.pl\/t\/index.php?rest_route=\/wp\/v2\/posts\/6283\/revisions\/6285"}],"wp:featuredmedia":[{"embeddable":true,"href":"https:\/\/wgphoto.pl\/t\/index.php?rest_route=\/wp\/v2\/media\/6284"}],"wp:attachment":[{"href":"https:\/\/wgphoto.pl\/t\/index.php?rest_route=%2Fwp%2Fv2%2Fmedia&parent=6283"}],"wp:term":[{"taxonomy":"category","embeddable":true,"href":"https:\/\/wgphoto.pl\/t\/index.php?rest_route=%2Fwp%2Fv2%2Fcategories&post=6283"},{"taxonomy":"post_tag","embeddable":true,"href":"https:\/\/wgphoto.pl\/t\/index.php?rest_route=%2Fwp%2Fv2%2Ftags&post=6283"}],"curies":[{"name":"wp","href":"https:\/\/api.w.org\/{rel}","templated":true}]}}