{"id":6298,"date":"2024-11-22T15:09:51","date_gmt":"2024-11-22T14:09:51","guid":{"rendered":"https:\/\/wgphoto.pl\/t\/?p=6298"},"modified":"2024-11-22T15:09:51","modified_gmt":"2024-11-22T14:09:51","slug":"kociolek-na-rykowisku","status":"publish","type":"post","link":"https:\/\/wgphoto.pl\/t\/?p=6298","title":{"rendered":"&#8222;Kocio\u0142ek&#8221; na rykowisku"},"content":{"rendered":"\n<figure class=\"wp-block-image aligncenter size-full\"><img loading=\"lazy\" decoding=\"async\" width=\"1300\" height=\"862\" src=\"https:\/\/wgphoto.pl\/t\/wp-content\/uploads\/2024\/11\/0411-04.jpg\" alt=\"\" class=\"wp-image-6299\" srcset=\"https:\/\/wgphoto.pl\/t\/wp-content\/uploads\/2024\/11\/0411-04.jpg 1300w, https:\/\/wgphoto.pl\/t\/wp-content\/uploads\/2024\/11\/0411-04-300x199.jpg 300w, https:\/\/wgphoto.pl\/t\/wp-content\/uploads\/2024\/11\/0411-04-768x509.jpg 768w\" sizes=\"auto, (max-width: 1300px) 100vw, 1300px\" \/><\/figure>\n\n\n\n<div class=\"wp-block-group has-global-padding is-layout-constrained wp-block-group-is-layout-constrained\">\n<p>SP42-170 z poci\u0105giem osobowym 12025 z Tomaszowa Mazowieckiego do Skar\u017cyska-Kamiennej zatrzymuje si\u0119 na stacji Jele\u0144. 11.07.2004<\/p>\n<\/div>\n","protected":false},"excerpt":{"rendered":"<p>SP42-170 z poci\u0105giem osobowym 12025 z Tomaszowa Mazowieckiego do Skar\u017cyska-Kamiennej zatrzymuje si\u0119 na stacji Jele\u0144. 11.07.2004<\/p>\n","protected":false},"author":1,"featured_media":6299,"comment_status":"open","ping_status":"","sticky":false,"template":"","format":"standard","meta":{"footnotes":""},"categories":[62,2,61],"tags":[2247,2338,1186,63,27,316,2248],"class_list":["post-6298","post","type-post","status-publish","format-standard","has-post-thumbnail","hentry","category-analog","category-kolej","category-rok-2004","tag-2004-07-11","tag-jelen","tag-na-wsiadanego","tag-pkp","tag-polska","tag-sp42","tag-tab-pl114"],"_links":{"self":[{"href":"https:\/\/wgphoto.pl\/t\/index.php?rest_route=\/wp\/v2\/posts\/6298","targetHints":{"allow":["GET"]}}],"collection":[{"href":"https:\/\/wgphoto.pl\/t\/index.php?rest_route=\/wp\/v2\/posts"}],"about":[{"href":"https:\/\/wgphoto.pl\/t\/index.php?rest_route=\/wp\/v2\/types\/post"}],"author":[{"embeddable":true,"href":"https:\/\/wgphoto.pl\/t\/index.php?rest_route=\/wp\/v2\/users\/1"}],"replies":[{"embeddable":true,"href":"https:\/\/wgphoto.pl\/t\/index.php?rest_route=%2Fwp%2Fv2%2Fcomments&post=6298"}],"version-history":[{"count":1,"href":"https:\/\/wgphoto.pl\/t\/index.php?rest_route=\/wp\/v2\/posts\/6298\/revisions"}],"predecessor-version":[{"id":6300,"href":"https:\/\/wgphoto.pl\/t\/index.php?rest_route=\/wp\/v2\/posts\/6298\/revisions\/6300"}],"wp:featuredmedia":[{"embeddable":true,"href":"https:\/\/wgphoto.pl\/t\/index.php?rest_route=\/wp\/v2\/media\/6299"}],"wp:attachment":[{"href":"https:\/\/wgphoto.pl\/t\/index.php?rest_route=%2Fwp%2Fv2%2Fmedia&parent=6298"}],"wp:term":[{"taxonomy":"category","embeddable":true,"href":"https:\/\/wgphoto.pl\/t\/index.php?rest_route=%2Fwp%2Fv2%2Fcategories&post=6298"},{"taxonomy":"post_tag","embeddable":true,"href":"https:\/\/wgphoto.pl\/t\/index.php?rest_route=%2Fwp%2Fv2%2Ftags&post=6298"}],"curies":[{"name":"wp","href":"https:\/\/api.w.org\/{rel}","templated":true}]}}