{"id":6304,"date":"2024-11-22T15:12:02","date_gmt":"2024-11-22T14:12:02","guid":{"rendered":"https:\/\/wgphoto.pl\/t\/?p=6304"},"modified":"2024-11-22T15:12:02","modified_gmt":"2024-11-22T14:12:02","slug":"byla-najdluzsza","status":"publish","type":"post","link":"https:\/\/wgphoto.pl\/t\/?p=6304","title":{"rendered":"By\u0142a najd\u0142u\u017csza"},"content":{"rendered":"\n<figure class=\"wp-block-image aligncenter size-full\"><img loading=\"lazy\" decoding=\"async\" width=\"1300\" height=\"870\" src=\"https:\/\/wgphoto.pl\/t\/wp-content\/uploads\/2024\/11\/IMGP9420.jpg\" alt=\"\" class=\"wp-image-6305\" srcset=\"https:\/\/wgphoto.pl\/t\/wp-content\/uploads\/2024\/11\/IMGP9420.jpg 1300w, https:\/\/wgphoto.pl\/t\/wp-content\/uploads\/2024\/11\/IMGP9420-300x201.jpg 300w, https:\/\/wgphoto.pl\/t\/wp-content\/uploads\/2024\/11\/IMGP9420-768x514.jpg 768w\" sizes=\"auto, (max-width: 1300px) 100vw, 1300px\" \/><\/figure>\n\n\n\n<div class=\"wp-block-group has-global-padding is-layout-constrained wp-block-group-is-layout-constrained\">\n<p>Ozork\u00f3w, ul. Po\u0142udniowa. GT8 202 par\u0119 minut temu rozpocz\u0105\u0142 niemal dwugodzinn\u0105 podr\u00f3\u017c (dok\u0142adnie 116 minut &#8222;przelotu&#8221;) do p\u0119tli Chocianowice w \u0141odzi. Ta licz\u0105ca 36 km trasa by\u0142a najd\u0142u\u017csz\u0105 lini\u0105 tramwajow\u0105 w Polsce. 18.02.2011<\/p>\n<\/div>\n","protected":false},"excerpt":{"rendered":"<p>Ozork\u00f3w, ul. Po\u0142udniowa. GT8 202 par\u0119 minut temu rozpocz\u0105\u0142 niemal dwugodzinn\u0105 podr\u00f3\u017c (dok\u0142adnie 116 minut &#8222;przelotu&#8221;) do p\u0119tli Chocianowice w \u0141odzi. Ta licz\u0105ca 36 km trasa by\u0142a najd\u0142u\u017csz\u0105 lini\u0105 tramwajow\u0105 w Polsce. 18.02.2011<\/p>\n","protected":false},"author":1,"featured_media":6305,"comment_status":"open","ping_status":"","sticky":false,"template":"","format":"standard","meta":{"footnotes":""},"categories":[77,3],"tags":[866,238,771,1417,1789,27,44,561],"class_list":["post-6304","post","type-post","status-publish","format-standard","has-post-thumbnail","hentry","category-rok-2011","category-tramwaj","tag-2011-02-18","tag-gt8","tag-lodz-linie-podmiejskie","tag-mkt-lodz","tag-ozorkow","tag-polska","tag-snieg","tag-tramwaj-podmiejski"],"_links":{"self":[{"href":"https:\/\/wgphoto.pl\/t\/index.php?rest_route=\/wp\/v2\/posts\/6304","targetHints":{"allow":["GET"]}}],"collection":[{"href":"https:\/\/wgphoto.pl\/t\/index.php?rest_route=\/wp\/v2\/posts"}],"about":[{"href":"https:\/\/wgphoto.pl\/t\/index.php?rest_route=\/wp\/v2\/types\/post"}],"author":[{"embeddable":true,"href":"https:\/\/wgphoto.pl\/t\/index.php?rest_route=\/wp\/v2\/users\/1"}],"replies":[{"embeddable":true,"href":"https:\/\/wgphoto.pl\/t\/index.php?rest_route=%2Fwp%2Fv2%2Fcomments&post=6304"}],"version-history":[{"count":1,"href":"https:\/\/wgphoto.pl\/t\/index.php?rest_route=\/wp\/v2\/posts\/6304\/revisions"}],"predecessor-version":[{"id":6306,"href":"https:\/\/wgphoto.pl\/t\/index.php?rest_route=\/wp\/v2\/posts\/6304\/revisions\/6306"}],"wp:featuredmedia":[{"embeddable":true,"href":"https:\/\/wgphoto.pl\/t\/index.php?rest_route=\/wp\/v2\/media\/6305"}],"wp:attachment":[{"href":"https:\/\/wgphoto.pl\/t\/index.php?rest_route=%2Fwp%2Fv2%2Fmedia&parent=6304"}],"wp:term":[{"taxonomy":"category","embeddable":true,"href":"https:\/\/wgphoto.pl\/t\/index.php?rest_route=%2Fwp%2Fv2%2Fcategories&post=6304"},{"taxonomy":"post_tag","embeddable":true,"href":"https:\/\/wgphoto.pl\/t\/index.php?rest_route=%2Fwp%2Fv2%2Ftags&post=6304"}],"curies":[{"name":"wp","href":"https:\/\/api.w.org\/{rel}","templated":true}]}}