{"id":6307,"date":"2024-11-22T15:12:58","date_gmt":"2024-11-22T14:12:58","guid":{"rendered":"https:\/\/wgphoto.pl\/t\/?p=6307"},"modified":"2024-11-22T15:12:58","modified_gmt":"2024-11-22T14:12:58","slug":"jarovsky-tunel","status":"publish","type":"post","link":"https:\/\/wgphoto.pl\/t\/?p=6307","title":{"rendered":"Jarovsk\u00fd tunel"},"content":{"rendered":"\n<figure class=\"wp-block-image aligncenter size-full\"><img loading=\"lazy\" decoding=\"async\" width=\"1300\" height=\"870\" src=\"https:\/\/wgphoto.pl\/t\/wp-content\/uploads\/2024\/11\/IMGP4315.jpg\" alt=\"\" class=\"wp-image-6308\" srcset=\"https:\/\/wgphoto.pl\/t\/wp-content\/uploads\/2024\/11\/IMGP4315.jpg 1300w, https:\/\/wgphoto.pl\/t\/wp-content\/uploads\/2024\/11\/IMGP4315-300x201.jpg 300w, https:\/\/wgphoto.pl\/t\/wp-content\/uploads\/2024\/11\/IMGP4315-768x514.jpg 768w\" sizes=\"auto, (max-width: 1300px) 100vw, 1300px\" \/><\/figure>\n\n\n\n<div class=\"wp-block-group has-global-padding is-layout-constrained wp-block-group-is-layout-constrained\">\n<p>Poci\u0105g osobowy 9057 relacji Praha hl.n. &#8211; \u010cer\u010dany wyje\u017cd\u017ca z mierz\u0105cego 393 metry d\u0142ugo\u015bci Jarovskiego tunelu, zlokalizowanego mi\u0119dzy przystankiem Jarov a stacj\u0105 Vran\u00e9 nad Vltavou. Sk\u0142ad prowadzi reklamowa <em>bardotka<\/em> 749.039-4, co z dzisiejszego punktu widzenia mog\u0142oby by\u0107 myl\u0105ce, poniewa\u017c sp\u00f3\u0142ka A\u017dD Praha, zajmuj\u0105ca si\u0119 zasadniczo systemami sterowania ruchem kolejowym, wesz\u0142a tak\u017ce na rynek przewoz\u00f3w pasa\u017cerskich i obs\u0142uguje jedn\u0105 z lokalek w kraju usteckim. 28.09.2011<\/p>\n<\/div>\n","protected":false},"excerpt":{"rendered":"<p>Poci\u0105g osobowy 9057 relacji Praha hl.n. &#8211; \u010cer\u010dany wyje\u017cd\u017ca z mierz\u0105cego 393 metry d\u0142ugo\u015bci Jarovskiego tunelu, zlokalizowanego mi\u0119dzy przystankiem Jarov a stacj\u0105 Vran\u00e9 nad Vltavou. Sk\u0142ad prowadzi reklamowa bardotka 749.039-4, co z dzisiejszego punktu widzenia mog\u0142oby by\u0107 myl\u0105ce, poniewa\u017c sp\u00f3\u0142ka A\u017dD Praha, zajmuj\u0105ca si\u0119 zasadniczo systemami sterowania ruchem kolejowym, wesz\u0142a tak\u017ce na rynek przewoz\u00f3w pasa\u017cerskich [&hellip;]<\/p>\n","protected":false},"author":1,"featured_media":6308,"comment_status":"open","ping_status":"","sticky":false,"template":"","format":"standard","meta":{"footnotes":""},"categories":[2,77],"tags":[2219,1058,50,49,2339,821,176,2218,15,2217],"class_list":["post-6307","post","type-post","status-publish","format-standard","has-post-thumbnail","hentry","category-kolej","category-rok-2011","tag-2011-09-28","tag-1058","tag-cd","tag-czechy","tag-jarov","tag-mgla","tag-rano","tag-tab-cz210","tag-tunel","tag-vrane-nad-vltavou"],"_links":{"self":[{"href":"https:\/\/wgphoto.pl\/t\/index.php?rest_route=\/wp\/v2\/posts\/6307","targetHints":{"allow":["GET"]}}],"collection":[{"href":"https:\/\/wgphoto.pl\/t\/index.php?rest_route=\/wp\/v2\/posts"}],"about":[{"href":"https:\/\/wgphoto.pl\/t\/index.php?rest_route=\/wp\/v2\/types\/post"}],"author":[{"embeddable":true,"href":"https:\/\/wgphoto.pl\/t\/index.php?rest_route=\/wp\/v2\/users\/1"}],"replies":[{"embeddable":true,"href":"https:\/\/wgphoto.pl\/t\/index.php?rest_route=%2Fwp%2Fv2%2Fcomments&post=6307"}],"version-history":[{"count":1,"href":"https:\/\/wgphoto.pl\/t\/index.php?rest_route=\/wp\/v2\/posts\/6307\/revisions"}],"predecessor-version":[{"id":6309,"href":"https:\/\/wgphoto.pl\/t\/index.php?rest_route=\/wp\/v2\/posts\/6307\/revisions\/6309"}],"wp:featuredmedia":[{"embeddable":true,"href":"https:\/\/wgphoto.pl\/t\/index.php?rest_route=\/wp\/v2\/media\/6308"}],"wp:attachment":[{"href":"https:\/\/wgphoto.pl\/t\/index.php?rest_route=%2Fwp%2Fv2%2Fmedia&parent=6307"}],"wp:term":[{"taxonomy":"category","embeddable":true,"href":"https:\/\/wgphoto.pl\/t\/index.php?rest_route=%2Fwp%2Fv2%2Fcategories&post=6307"},{"taxonomy":"post_tag","embeddable":true,"href":"https:\/\/wgphoto.pl\/t\/index.php?rest_route=%2Fwp%2Fv2%2Ftags&post=6307"}],"curies":[{"name":"wp","href":"https:\/\/api.w.org\/{rel}","templated":true}]}}