{"id":6347,"date":"2024-11-22T15:28:06","date_gmt":"2024-11-22T14:28:06","guid":{"rendered":"https:\/\/wgphoto.pl\/t\/?p=6347"},"modified":"2024-11-22T15:28:06","modified_gmt":"2024-11-22T14:28:06","slug":"zima-sie-trzyma","status":"publish","type":"post","link":"https:\/\/wgphoto.pl\/t\/?p=6347","title":{"rendered":"Zima si\u0119 trzyma"},"content":{"rendered":"\n<figure class=\"wp-block-image aligncenter size-full\"><img loading=\"lazy\" decoding=\"async\" width=\"1300\" height=\"870\" src=\"https:\/\/wgphoto.pl\/t\/wp-content\/uploads\/2024\/11\/IMGP1734.jpg\" alt=\"\" class=\"wp-image-6348\" srcset=\"https:\/\/wgphoto.pl\/t\/wp-content\/uploads\/2024\/11\/IMGP1734.jpg 1300w, https:\/\/wgphoto.pl\/t\/wp-content\/uploads\/2024\/11\/IMGP1734-300x201.jpg 300w, https:\/\/wgphoto.pl\/t\/wp-content\/uploads\/2024\/11\/IMGP1734-768x514.jpg 768w\" sizes=\"auto, (max-width: 1300px) 100vw, 1300px\" \/><\/figure>\n\n\n\n<div class=\"wp-block-group has-global-padding is-layout-constrained wp-block-group-is-layout-constrained\">\n<p>SU46-048 z EC 341\/73000 &#8222;Wawel&#8221; relacji Hamburg-Altona &#8211; Krak\u00f3w G\u0142\u00f3wny wje\u017cd\u017ca na stacj\u0119 w \u017barach. 13.02.2010<\/p>\n<\/div>\n","protected":false},"excerpt":{"rendered":"<p>SU46-048 z EC 341\/73000 &#8222;Wawel&#8221; relacji Hamburg-Altona &#8211; Krak\u00f3w G\u0142\u00f3wny wje\u017cd\u017ca na stacj\u0119 w \u017barach. 13.02.2010<\/p>\n","protected":false},"author":1,"featured_media":6348,"comment_status":"open","ping_status":"","sticky":false,"template":"","format":"standard","meta":{"footnotes":""},"categories":[2,86],"tags":[318,63,27,44,84,53,356,317],"class_list":["post-6347","post","type-post","status-publish","format-standard","has-post-thumbnail","hentry","category-kolej","category-rok-2010","tag-2010-02-13","tag-pkp","tag-polska","tag-snieg","tag-su46","tag-sygnalizacja-ksztaltowa","tag-tab-pl270","tag-zary"],"_links":{"self":[{"href":"https:\/\/wgphoto.pl\/t\/index.php?rest_route=\/wp\/v2\/posts\/6347","targetHints":{"allow":["GET"]}}],"collection":[{"href":"https:\/\/wgphoto.pl\/t\/index.php?rest_route=\/wp\/v2\/posts"}],"about":[{"href":"https:\/\/wgphoto.pl\/t\/index.php?rest_route=\/wp\/v2\/types\/post"}],"author":[{"embeddable":true,"href":"https:\/\/wgphoto.pl\/t\/index.php?rest_route=\/wp\/v2\/users\/1"}],"replies":[{"embeddable":true,"href":"https:\/\/wgphoto.pl\/t\/index.php?rest_route=%2Fwp%2Fv2%2Fcomments&post=6347"}],"version-history":[{"count":1,"href":"https:\/\/wgphoto.pl\/t\/index.php?rest_route=\/wp\/v2\/posts\/6347\/revisions"}],"predecessor-version":[{"id":6349,"href":"https:\/\/wgphoto.pl\/t\/index.php?rest_route=\/wp\/v2\/posts\/6347\/revisions\/6349"}],"wp:featuredmedia":[{"embeddable":true,"href":"https:\/\/wgphoto.pl\/t\/index.php?rest_route=\/wp\/v2\/media\/6348"}],"wp:attachment":[{"href":"https:\/\/wgphoto.pl\/t\/index.php?rest_route=%2Fwp%2Fv2%2Fmedia&parent=6347"}],"wp:term":[{"taxonomy":"category","embeddable":true,"href":"https:\/\/wgphoto.pl\/t\/index.php?rest_route=%2Fwp%2Fv2%2Fcategories&post=6347"},{"taxonomy":"post_tag","embeddable":true,"href":"https:\/\/wgphoto.pl\/t\/index.php?rest_route=%2Fwp%2Fv2%2Ftags&post=6347"}],"curies":[{"name":"wp","href":"https:\/\/api.w.org\/{rel}","templated":true}]}}