{"id":6350,"date":"2024-11-22T15:29:00","date_gmt":"2024-11-22T14:29:00","guid":{"rendered":"https:\/\/wgphoto.pl\/t\/?p=6350"},"modified":"2024-11-22T15:29:00","modified_gmt":"2024-11-22T14:29:00","slug":"nogi-z-wody","status":"publish","type":"post","link":"https:\/\/wgphoto.pl\/t\/?p=6350","title":{"rendered":"Nogi z wody"},"content":{"rendered":"\n<figure class=\"wp-block-image aligncenter size-full\"><img loading=\"lazy\" decoding=\"async\" width=\"1300\" height=\"861\" src=\"https:\/\/wgphoto.pl\/t\/wp-content\/uploads\/2024\/11\/IMGP0580.jpg\" alt=\"\" class=\"wp-image-6351\" srcset=\"https:\/\/wgphoto.pl\/t\/wp-content\/uploads\/2024\/11\/IMGP0580.jpg 1300w, https:\/\/wgphoto.pl\/t\/wp-content\/uploads\/2024\/11\/IMGP0580-300x199.jpg 300w, https:\/\/wgphoto.pl\/t\/wp-content\/uploads\/2024\/11\/IMGP0580-768x509.jpg 768w\" sizes=\"auto, (max-width: 1300px) 100vw, 1300px\" \/><\/figure>\n\n\n\n<div class=\"wp-block-group has-global-padding is-layout-constrained wp-block-group-is-layout-constrained\">\n<p>Pilzno, Pra\u017esk\u00fd most. Sk\u0142ad <em>Tatr<\/em> jako nauka jazdy przeje\u017cd\u017ca nad M\u0142y\u0144sk\u0105 Strug\u0105, gdzie w p\u0142ytkiej wodzie postawiono instalacj\u0119 artystyczn\u0105 o zaskakuj\u0105cym tytule &#8222;Nohy z vody&#8221;. 22.09.2020<\/p>\n<\/div>\n","protected":false},"excerpt":{"rendered":"<p>Pilzno, Pra\u017esk\u00fd most. Sk\u0142ad Tatr jako nauka jazdy przeje\u017cd\u017ca nad M\u0142y\u0144sk\u0105 Strug\u0105, gdzie w p\u0142ytkiej wodzie postawiono instalacj\u0119 artystyczn\u0105 o zaskakuj\u0105cym tytule &#8222;Nohy z vody&#8221;. 22.09.2020<\/p>\n","protected":false},"author":1,"featured_media":6351,"comment_status":"open","ping_status":"","sticky":false,"template":"","format":"standard","meta":{"footnotes":""},"categories":[676,3],"tags":[2353,49,2003,1674,395,1675,176,1011],"class_list":["post-6350","post","type-post","status-publish","format-standard","has-post-thumbnail","hentry","category-rok-2020","category-tramwaj","tag-2020-09-22","tag-czechy","tag-czeskie-wakacje-2020","tag-dp-plzen","tag-lustro","tag-pilzno","tag-rano","tag-tatra-t3"],"_links":{"self":[{"href":"https:\/\/wgphoto.pl\/t\/index.php?rest_route=\/wp\/v2\/posts\/6350","targetHints":{"allow":["GET"]}}],"collection":[{"href":"https:\/\/wgphoto.pl\/t\/index.php?rest_route=\/wp\/v2\/posts"}],"about":[{"href":"https:\/\/wgphoto.pl\/t\/index.php?rest_route=\/wp\/v2\/types\/post"}],"author":[{"embeddable":true,"href":"https:\/\/wgphoto.pl\/t\/index.php?rest_route=\/wp\/v2\/users\/1"}],"replies":[{"embeddable":true,"href":"https:\/\/wgphoto.pl\/t\/index.php?rest_route=%2Fwp%2Fv2%2Fcomments&post=6350"}],"version-history":[{"count":1,"href":"https:\/\/wgphoto.pl\/t\/index.php?rest_route=\/wp\/v2\/posts\/6350\/revisions"}],"predecessor-version":[{"id":6352,"href":"https:\/\/wgphoto.pl\/t\/index.php?rest_route=\/wp\/v2\/posts\/6350\/revisions\/6352"}],"wp:featuredmedia":[{"embeddable":true,"href":"https:\/\/wgphoto.pl\/t\/index.php?rest_route=\/wp\/v2\/media\/6351"}],"wp:attachment":[{"href":"https:\/\/wgphoto.pl\/t\/index.php?rest_route=%2Fwp%2Fv2%2Fmedia&parent=6350"}],"wp:term":[{"taxonomy":"category","embeddable":true,"href":"https:\/\/wgphoto.pl\/t\/index.php?rest_route=%2Fwp%2Fv2%2Fcategories&post=6350"},{"taxonomy":"post_tag","embeddable":true,"href":"https:\/\/wgphoto.pl\/t\/index.php?rest_route=%2Fwp%2Fv2%2Ftags&post=6350"}],"curies":[{"name":"wp","href":"https:\/\/api.w.org\/{rel}","templated":true}]}}