{"id":6353,"date":"2024-11-22T15:30:06","date_gmt":"2024-11-22T14:30:06","guid":{"rendered":"https:\/\/wgphoto.pl\/t\/?p=6353"},"modified":"2024-11-22T15:30:06","modified_gmt":"2024-11-22T14:30:06","slug":"winzerla","status":"publish","type":"post","link":"https:\/\/wgphoto.pl\/t\/?p=6353","title":{"rendered":"Winzerla"},"content":{"rendered":"\n<figure class=\"wp-block-image aligncenter size-full\"><img loading=\"lazy\" decoding=\"async\" width=\"1300\" height=\"861\" src=\"https:\/\/wgphoto.pl\/t\/wp-content\/uploads\/2024\/11\/IMGP6493.jpg\" alt=\"\" class=\"wp-image-6354\" srcset=\"https:\/\/wgphoto.pl\/t\/wp-content\/uploads\/2024\/11\/IMGP6493.jpg 1300w, https:\/\/wgphoto.pl\/t\/wp-content\/uploads\/2024\/11\/IMGP6493-300x199.jpg 300w, https:\/\/wgphoto.pl\/t\/wp-content\/uploads\/2024\/11\/IMGP6493-768x509.jpg 768w\" sizes=\"auto, (max-width: 1300px) 100vw, 1300px\" \/><\/figure>\n\n\n\n<div class=\"wp-block-group has-global-padding is-layout-constrained wp-block-group-is-layout-constrained\">\n<p>Wagon GT6M-ZR nr 605 odjecha\u0142 w\u0142a\u015bnie z tytu\u0142owej p\u0119tli. Wykona\u0142 tu wjazd kieszeniowy jako linia 3 relacji Lobeda-Ost &#8211; Winzerla i po zmianie numeru linii oraz kr\u00f3ciutkim postoju kontynuuje podr\u00f3\u017c do kra\u0144ca Jena-Ost. To kolejne foto pokazuj\u0105ce bardzo \u0142adne po\u0142o\u017cenie Jeny. 16.08.2016<\/p>\n<\/div>\n","protected":false},"excerpt":{"rendered":"<p>Wagon GT6M-ZR nr 605 odjecha\u0142 w\u0142a\u015bnie z tytu\u0142owej p\u0119tli. Wykona\u0142 tu wjazd kieszeniowy jako linia 3 relacji Lobeda-Ost &#8211; Winzerla i po zmianie numeru linii oraz kr\u00f3ciutkim postoju kontynuuje podr\u00f3\u017c do kra\u0144ca Jena-Ost. To kolejne foto pokazuj\u0105ce bardzo \u0142adne po\u0142o\u017cenie Jeny. 16.08.2016<\/p>\n","protected":false},"author":1,"featured_media":6354,"comment_status":"open","ping_status":"","sticky":false,"template":"","format":"standard","meta":{"footnotes":""},"categories":[125,3],"tags":[1263,1265,1264,1266,173,113,23],"class_list":["post-6353","post","type-post","status-publish","format-standard","has-post-thumbnail","hentry","category-rok-2016","category-tramwaj","tag-2016-08-16","tag-gtxn","tag-jena","tag-jenah-jena","tag-koncowki","tag-landszaft","tag-niemcy"],"_links":{"self":[{"href":"https:\/\/wgphoto.pl\/t\/index.php?rest_route=\/wp\/v2\/posts\/6353","targetHints":{"allow":["GET"]}}],"collection":[{"href":"https:\/\/wgphoto.pl\/t\/index.php?rest_route=\/wp\/v2\/posts"}],"about":[{"href":"https:\/\/wgphoto.pl\/t\/index.php?rest_route=\/wp\/v2\/types\/post"}],"author":[{"embeddable":true,"href":"https:\/\/wgphoto.pl\/t\/index.php?rest_route=\/wp\/v2\/users\/1"}],"replies":[{"embeddable":true,"href":"https:\/\/wgphoto.pl\/t\/index.php?rest_route=%2Fwp%2Fv2%2Fcomments&post=6353"}],"version-history":[{"count":1,"href":"https:\/\/wgphoto.pl\/t\/index.php?rest_route=\/wp\/v2\/posts\/6353\/revisions"}],"predecessor-version":[{"id":6355,"href":"https:\/\/wgphoto.pl\/t\/index.php?rest_route=\/wp\/v2\/posts\/6353\/revisions\/6355"}],"wp:featuredmedia":[{"embeddable":true,"href":"https:\/\/wgphoto.pl\/t\/index.php?rest_route=\/wp\/v2\/media\/6354"}],"wp:attachment":[{"href":"https:\/\/wgphoto.pl\/t\/index.php?rest_route=%2Fwp%2Fv2%2Fmedia&parent=6353"}],"wp:term":[{"taxonomy":"category","embeddable":true,"href":"https:\/\/wgphoto.pl\/t\/index.php?rest_route=%2Fwp%2Fv2%2Fcategories&post=6353"},{"taxonomy":"post_tag","embeddable":true,"href":"https:\/\/wgphoto.pl\/t\/index.php?rest_route=%2Fwp%2Fv2%2Ftags&post=6353"}],"curies":[{"name":"wp","href":"https:\/\/api.w.org\/{rel}","templated":true}]}}