{"id":6359,"date":"2024-11-22T15:32:42","date_gmt":"2024-11-22T14:32:42","guid":{"rendered":"https:\/\/wgphoto.pl\/t\/?p=6359"},"modified":"2024-11-22T15:32:42","modified_gmt":"2024-11-22T14:32:42","slug":"wypadki-chodza-po-tramwajach","status":"publish","type":"post","link":"https:\/\/wgphoto.pl\/t\/?p=6359","title":{"rendered":"Wypadki chodz\u0105 po tramwajach"},"content":{"rendered":"\n<figure class=\"wp-block-image aligncenter size-full\"><img loading=\"lazy\" decoding=\"async\" width=\"1200\" height=\"900\" src=\"https:\/\/wgphoto.pl\/t\/wp-content\/uploads\/2024\/11\/0305-35.jpg\" alt=\"\" class=\"wp-image-6360\" srcset=\"https:\/\/wgphoto.pl\/t\/wp-content\/uploads\/2024\/11\/0305-35.jpg 1200w, https:\/\/wgphoto.pl\/t\/wp-content\/uploads\/2024\/11\/0305-35-300x225.jpg 300w, https:\/\/wgphoto.pl\/t\/wp-content\/uploads\/2024\/11\/0305-35-768x576.jpg 768w\" sizes=\"auto, (max-width: 1200px) 100vw, 1200px\" \/><\/figure>\n\n\n\n<div class=\"wp-block-group has-global-padding is-layout-constrained wp-block-group-is-layout-constrained\">\n<p>Sk\u0142ad 105Na 2370+2369 skr\u0119ca z ul. Piastowskiej w Sienkiewicza we Wroc\u0142awiu, korzystaj\u0105c z ciekawego, pojedynczego \u0142uku. Jazda po nim w obu kierunkach by\u0142a mo\u017cliwa dzi\u0119ki przejazdom mi\u0119dzytorowym na obu ko\u0144cach. Po przebudowie skrzy\u017cowania to niepraktyczne rozwi\u0105zanie zamieniono na dwa standardowe \u0142uki. 02.03.2003<\/p>\n<\/div>\n","protected":false},"excerpt":{"rendered":"<p>Sk\u0142ad 105Na 2370+2369 skr\u0119ca z ul. Piastowskiej w Sienkiewicza we Wroc\u0142awiu, korzystaj\u0105c z ciekawego, pojedynczego \u0142uku. Jazda po nim w obu kierunkach by\u0142a mo\u017cliwa dzi\u0119ki przejazdom mi\u0119dzytorowym na obu ko\u0144cach. Po przebudowie skrzy\u017cowania to niepraktyczne rozwi\u0105zanie zamieniono na dwa standardowe \u0142uki. 02.03.2003<\/p>\n","protected":false},"author":1,"featured_media":6360,"comment_status":"open","ping_status":"","sticky":false,"template":"","format":"standard","meta":{"footnotes":""},"categories":[62,149,3],"tags":[155,2329,230,42,27,41],"class_list":["post-6359","post","type-post","status-publish","format-standard","has-post-thumbnail","hentry","category-analog","category-rok-2003","category-tramwaj","tag-105na","tag-2003-03-02","tag-infrastruktura","tag-mpk-wroclaw","tag-polska","tag-wroclaw"],"_links":{"self":[{"href":"https:\/\/wgphoto.pl\/t\/index.php?rest_route=\/wp\/v2\/posts\/6359","targetHints":{"allow":["GET"]}}],"collection":[{"href":"https:\/\/wgphoto.pl\/t\/index.php?rest_route=\/wp\/v2\/posts"}],"about":[{"href":"https:\/\/wgphoto.pl\/t\/index.php?rest_route=\/wp\/v2\/types\/post"}],"author":[{"embeddable":true,"href":"https:\/\/wgphoto.pl\/t\/index.php?rest_route=\/wp\/v2\/users\/1"}],"replies":[{"embeddable":true,"href":"https:\/\/wgphoto.pl\/t\/index.php?rest_route=%2Fwp%2Fv2%2Fcomments&post=6359"}],"version-history":[{"count":1,"href":"https:\/\/wgphoto.pl\/t\/index.php?rest_route=\/wp\/v2\/posts\/6359\/revisions"}],"predecessor-version":[{"id":6361,"href":"https:\/\/wgphoto.pl\/t\/index.php?rest_route=\/wp\/v2\/posts\/6359\/revisions\/6361"}],"wp:featuredmedia":[{"embeddable":true,"href":"https:\/\/wgphoto.pl\/t\/index.php?rest_route=\/wp\/v2\/media\/6360"}],"wp:attachment":[{"href":"https:\/\/wgphoto.pl\/t\/index.php?rest_route=%2Fwp%2Fv2%2Fmedia&parent=6359"}],"wp:term":[{"taxonomy":"category","embeddable":true,"href":"https:\/\/wgphoto.pl\/t\/index.php?rest_route=%2Fwp%2Fv2%2Fcategories&post=6359"},{"taxonomy":"post_tag","embeddable":true,"href":"https:\/\/wgphoto.pl\/t\/index.php?rest_route=%2Fwp%2Fv2%2Ftags&post=6359"}],"curies":[{"name":"wp","href":"https:\/\/api.w.org\/{rel}","templated":true}]}}