{"id":6362,"date":"2024-11-22T15:33:54","date_gmt":"2024-11-22T14:33:54","guid":{"rendered":"https:\/\/wgphoto.pl\/t\/?p=6362"},"modified":"2024-11-22T15:33:54","modified_gmt":"2024-11-22T14:33:54","slug":"tramwaj-na-skraju-miasta-2","status":"publish","type":"post","link":"https:\/\/wgphoto.pl\/t\/?p=6362","title":{"rendered":"Tramwaj na skraju miasta"},"content":{"rendered":"\n<figure class=\"wp-block-image aligncenter size-full\"><img loading=\"lazy\" decoding=\"async\" width=\"1300\" height=\"861\" src=\"https:\/\/wgphoto.pl\/t\/wp-content\/uploads\/2024\/11\/IMGP0281.jpg\" alt=\"\" class=\"wp-image-6363\" srcset=\"https:\/\/wgphoto.pl\/t\/wp-content\/uploads\/2024\/11\/IMGP0281.jpg 1300w, https:\/\/wgphoto.pl\/t\/wp-content\/uploads\/2024\/11\/IMGP0281-300x199.jpg 300w, https:\/\/wgphoto.pl\/t\/wp-content\/uploads\/2024\/11\/IMGP0281-768x509.jpg 768w\" sizes=\"auto, (max-width: 1300px) 100vw, 1300px\" \/><\/figure>\n\n\n\n<div class=\"wp-block-group has-global-padding is-layout-constrained wp-block-group-is-layout-constrained\">\n<p>Most, ul. Pra\u017esk\u00e1. Vario LF nr 314 za par\u0119 chwil sko\u0144czy kurs na osiedlu Velebudice. W tle natomiast rozci\u0105gaj\u0105 si\u0119 pi\u0119kne okolice brzydkiego Mostu, z poukrywanymi gdzie\u015b tam za tymi pag\u00f3rkami odkrywkami w\u0119gla brunatnego. Na najdalszym planie widoczne jest pasmo Rudaw, za kt\u00f3rym zaczynaj\u0105 si\u0119 ju\u017c Niemcy. 21.09.2020<\/p>\n<\/div>\n","protected":false},"excerpt":{"rendered":"<p>Most, ul. Pra\u017esk\u00e1. Vario LF nr 314 za par\u0119 chwil sko\u0144czy kurs na osiedlu Velebudice. W tle natomiast rozci\u0105gaj\u0105 si\u0119 pi\u0119kne okolice brzydkiego Mostu, z poukrywanymi gdzie\u015b tam za tymi pag\u00f3rkami odkrywkami w\u0119gla brunatnego. Na najdalszym planie widoczne jest pasmo Rudaw, za kt\u00f3rym zaczynaj\u0105 si\u0119 ju\u017c Niemcy. 21.09.2020<\/p>\n","protected":false},"author":1,"featured_media":6363,"comment_status":"open","ping_status":"","sticky":false,"template":"","format":"standard","meta":{"footnotes":""},"categories":[676,3],"tags":[2356,49,2003,1684,113,1683,176,1243],"class_list":["post-6362","post","type-post","status-publish","format-standard","has-post-thumbnail","hentry","category-rok-2020","category-tramwaj","tag-2020-09-21","tag-czechy","tag-czeskie-wakacje-2020","tag-dp-most","tag-landszaft","tag-most-cz","tag-rano","tag-vario-lf"],"_links":{"self":[{"href":"https:\/\/wgphoto.pl\/t\/index.php?rest_route=\/wp\/v2\/posts\/6362","targetHints":{"allow":["GET"]}}],"collection":[{"href":"https:\/\/wgphoto.pl\/t\/index.php?rest_route=\/wp\/v2\/posts"}],"about":[{"href":"https:\/\/wgphoto.pl\/t\/index.php?rest_route=\/wp\/v2\/types\/post"}],"author":[{"embeddable":true,"href":"https:\/\/wgphoto.pl\/t\/index.php?rest_route=\/wp\/v2\/users\/1"}],"replies":[{"embeddable":true,"href":"https:\/\/wgphoto.pl\/t\/index.php?rest_route=%2Fwp%2Fv2%2Fcomments&post=6362"}],"version-history":[{"count":1,"href":"https:\/\/wgphoto.pl\/t\/index.php?rest_route=\/wp\/v2\/posts\/6362\/revisions"}],"predecessor-version":[{"id":6364,"href":"https:\/\/wgphoto.pl\/t\/index.php?rest_route=\/wp\/v2\/posts\/6362\/revisions\/6364"}],"wp:featuredmedia":[{"embeddable":true,"href":"https:\/\/wgphoto.pl\/t\/index.php?rest_route=\/wp\/v2\/media\/6363"}],"wp:attachment":[{"href":"https:\/\/wgphoto.pl\/t\/index.php?rest_route=%2Fwp%2Fv2%2Fmedia&parent=6362"}],"wp:term":[{"taxonomy":"category","embeddable":true,"href":"https:\/\/wgphoto.pl\/t\/index.php?rest_route=%2Fwp%2Fv2%2Fcategories&post=6362"},{"taxonomy":"post_tag","embeddable":true,"href":"https:\/\/wgphoto.pl\/t\/index.php?rest_route=%2Fwp%2Fv2%2Ftags&post=6362"}],"curies":[{"name":"wp","href":"https:\/\/api.w.org\/{rel}","templated":true}]}}