{"id":6379,"date":"2024-11-22T19:20:19","date_gmt":"2024-11-22T18:20:19","guid":{"rendered":"https:\/\/wgphoto.pl\/t\/?p=6379"},"modified":"2024-11-22T19:20:19","modified_gmt":"2024-11-22T18:20:19","slug":"prawie-marciszow-gorny","status":"publish","type":"post","link":"https:\/\/wgphoto.pl\/t\/?p=6379","title":{"rendered":"Prawie Marcisz\u00f3w G\u00f3rny"},"content":{"rendered":"\n<figure class=\"wp-block-image aligncenter size-full\"><img loading=\"lazy\" decoding=\"async\" width=\"1300\" height=\"862\" src=\"https:\/\/wgphoto.pl\/t\/wp-content\/uploads\/2024\/11\/0503-07.jpg\" alt=\"\" class=\"wp-image-6380\" srcset=\"https:\/\/wgphoto.pl\/t\/wp-content\/uploads\/2024\/11\/0503-07.jpg 1300w, https:\/\/wgphoto.pl\/t\/wp-content\/uploads\/2024\/11\/0503-07-300x199.jpg 300w, https:\/\/wgphoto.pl\/t\/wp-content\/uploads\/2024\/11\/0503-07-768x509.jpg 768w\" sizes=\"auto, (max-width: 1300px) 100vw, 1300px\" \/><\/figure>\n\n\n\n<div class=\"wp-block-group has-global-padding is-layout-constrained wp-block-group-is-layout-constrained\">\n<p>EU07-304 z poci\u0105giem osobowym 214 z Jeleniej G\u00f3ry do Wroc\u0142awia przemierza szlak Marcisz\u00f3w &#8211; S\u0119dzis\u0142aw. Na pierwszym planie widoczna jest podstawa semafora lub tarczy ostrzegawczej do zlikwidowanego Podg Marcisz\u00f3w G\u00f3rny. 13.02.2005<\/p>\n<\/div>\n","protected":false},"excerpt":{"rendered":"<p>EU07-304 z poci\u0105giem osobowym 214 z Jeleniej G\u00f3ry do Wroc\u0142awia przemierza szlak Marcisz\u00f3w &#8211; S\u0119dzis\u0142aw. Na pierwszym planie widoczna jest podstawa semafora lub tarczy ostrzegawczej do zlikwidowanego Podg Marcisz\u00f3w G\u00f3rny. 13.02.2005<\/p>\n","protected":false},"author":1,"featured_media":6380,"comment_status":"open","ping_status":"","sticky":false,"template":"","format":"standard","meta":{"footnotes":""},"categories":[62,2,311],"tags":[1172,122,83,63,27,1061,44,200],"class_list":["post-6379","post","type-post","status-publish","format-standard","has-post-thumbnail","hentry","category-analog","category-kolej","category-rok-2005","tag-2005-02-13","tag-eu07","tag-marciszow","tag-pkp","tag-polska","tag-sedzislaw","tag-snieg","tag-tab-pl240"],"_links":{"self":[{"href":"https:\/\/wgphoto.pl\/t\/index.php?rest_route=\/wp\/v2\/posts\/6379","targetHints":{"allow":["GET"]}}],"collection":[{"href":"https:\/\/wgphoto.pl\/t\/index.php?rest_route=\/wp\/v2\/posts"}],"about":[{"href":"https:\/\/wgphoto.pl\/t\/index.php?rest_route=\/wp\/v2\/types\/post"}],"author":[{"embeddable":true,"href":"https:\/\/wgphoto.pl\/t\/index.php?rest_route=\/wp\/v2\/users\/1"}],"replies":[{"embeddable":true,"href":"https:\/\/wgphoto.pl\/t\/index.php?rest_route=%2Fwp%2Fv2%2Fcomments&post=6379"}],"version-history":[{"count":1,"href":"https:\/\/wgphoto.pl\/t\/index.php?rest_route=\/wp\/v2\/posts\/6379\/revisions"}],"predecessor-version":[{"id":6381,"href":"https:\/\/wgphoto.pl\/t\/index.php?rest_route=\/wp\/v2\/posts\/6379\/revisions\/6381"}],"wp:featuredmedia":[{"embeddable":true,"href":"https:\/\/wgphoto.pl\/t\/index.php?rest_route=\/wp\/v2\/media\/6380"}],"wp:attachment":[{"href":"https:\/\/wgphoto.pl\/t\/index.php?rest_route=%2Fwp%2Fv2%2Fmedia&parent=6379"}],"wp:term":[{"taxonomy":"category","embeddable":true,"href":"https:\/\/wgphoto.pl\/t\/index.php?rest_route=%2Fwp%2Fv2%2Fcategories&post=6379"},{"taxonomy":"post_tag","embeddable":true,"href":"https:\/\/wgphoto.pl\/t\/index.php?rest_route=%2Fwp%2Fv2%2Ftags&post=6379"}],"curies":[{"name":"wp","href":"https:\/\/api.w.org\/{rel}","templated":true}]}}