{"id":6419,"date":"2024-11-22T20:46:25","date_gmt":"2024-11-22T19:46:25","guid":{"rendered":"https:\/\/wgphoto.pl\/t\/?p=6419"},"modified":"2024-11-22T20:46:25","modified_gmt":"2024-11-22T19:46:25","slug":"zolta-skoda-pod-czarna-wieza","status":"publish","type":"post","link":"https:\/\/wgphoto.pl\/t\/?p=6419","title":{"rendered":"\u017b\u00f3\u0142ta \u0160koda pod Czarn\u0105 Wie\u017c\u0105"},"content":{"rendered":"\n<figure class=\"wp-block-image aligncenter size-full\"><img loading=\"lazy\" decoding=\"async\" width=\"1200\" height=\"900\" src=\"https:\/\/wgphoto.pl\/t\/wp-content\/uploads\/2024\/11\/IMGP0482.jpg\" alt=\"\" class=\"wp-image-6420\" srcset=\"https:\/\/wgphoto.pl\/t\/wp-content\/uploads\/2024\/11\/IMGP0482.jpg 1200w, https:\/\/wgphoto.pl\/t\/wp-content\/uploads\/2024\/11\/IMGP0482-300x225.jpg 300w, https:\/\/wgphoto.pl\/t\/wp-content\/uploads\/2024\/11\/IMGP0482-768x576.jpg 768w\" sizes=\"auto, (max-width: 1200px) 100vw, 1200px\" \/><\/figure>\n\n\n\n<div class=\"wp-block-group has-global-padding is-layout-constrained wp-block-group-is-layout-constrained\">\n<p>Pilzno, ul. Pra\u017esk\u00e1. \u0160koda 03T nr 307 min\u0119\u0142a Czarn\u0105 Wie\u017c\u0119. Tramwaje tego typu nie by\u0142y raczej w Pil\u017anie lubiane, poniewa\u017c by\u0142 dla tego miasta za kr\u00f3tkie. Dzi\u015b, po 24 latach od budowy prototypu, ostatnie dwie pilzne\u0144skie \u0160kody 03T zosta\u0142y wycofane z ruchu liniowego. 15.04.2011<\/p>\n<\/div>\n","protected":false},"excerpt":{"rendered":"<p>Pilzno, ul. Pra\u017esk\u00e1. \u0160koda 03T nr 307 min\u0119\u0142a Czarn\u0105 Wie\u017c\u0119. Tramwaje tego typu nie by\u0142y raczej w Pil\u017anie lubiane, poniewa\u017c by\u0142 dla tego miasta za kr\u00f3tkie. Dzi\u015b, po 24 latach od budowy prototypu, ostatnie dwie pilzne\u0144skie \u0160kody 03T zosta\u0142y wycofane z ruchu liniowego. 15.04.2011<\/p>\n","protected":false},"author":1,"featured_media":6420,"comment_status":"open","ping_status":"","sticky":false,"template":"","format":"standard","meta":{"footnotes":""},"categories":[77,3],"tags":[1954,34,49,1674,1675,1098],"class_list":["post-6419","post","type-post","status-publish","format-standard","has-post-thumbnail","hentry","category-rok-2011","category-tramwaj","tag-2011-04-15","tag-architektura","tag-czechy","tag-dp-plzen","tag-pilzno","tag-skoda-03t"],"_links":{"self":[{"href":"https:\/\/wgphoto.pl\/t\/index.php?rest_route=\/wp\/v2\/posts\/6419","targetHints":{"allow":["GET"]}}],"collection":[{"href":"https:\/\/wgphoto.pl\/t\/index.php?rest_route=\/wp\/v2\/posts"}],"about":[{"href":"https:\/\/wgphoto.pl\/t\/index.php?rest_route=\/wp\/v2\/types\/post"}],"author":[{"embeddable":true,"href":"https:\/\/wgphoto.pl\/t\/index.php?rest_route=\/wp\/v2\/users\/1"}],"replies":[{"embeddable":true,"href":"https:\/\/wgphoto.pl\/t\/index.php?rest_route=%2Fwp%2Fv2%2Fcomments&post=6419"}],"version-history":[{"count":1,"href":"https:\/\/wgphoto.pl\/t\/index.php?rest_route=\/wp\/v2\/posts\/6419\/revisions"}],"predecessor-version":[{"id":6421,"href":"https:\/\/wgphoto.pl\/t\/index.php?rest_route=\/wp\/v2\/posts\/6419\/revisions\/6421"}],"wp:featuredmedia":[{"embeddable":true,"href":"https:\/\/wgphoto.pl\/t\/index.php?rest_route=\/wp\/v2\/media\/6420"}],"wp:attachment":[{"href":"https:\/\/wgphoto.pl\/t\/index.php?rest_route=%2Fwp%2Fv2%2Fmedia&parent=6419"}],"wp:term":[{"taxonomy":"category","embeddable":true,"href":"https:\/\/wgphoto.pl\/t\/index.php?rest_route=%2Fwp%2Fv2%2Fcategories&post=6419"},{"taxonomy":"post_tag","embeddable":true,"href":"https:\/\/wgphoto.pl\/t\/index.php?rest_route=%2Fwp%2Fv2%2Ftags&post=6419"}],"curies":[{"name":"wp","href":"https:\/\/api.w.org\/{rel}","templated":true}]}}