{"id":6467,"date":"2024-11-22T21:04:15","date_gmt":"2024-11-22T20:04:15","guid":{"rendered":"https:\/\/wgphoto.pl\/t\/?p=6467"},"modified":"2024-11-22T21:04:15","modified_gmt":"2024-11-22T20:04:15","slug":"kadr-skrojony-na-miare","status":"publish","type":"post","link":"https:\/\/wgphoto.pl\/t\/?p=6467","title":{"rendered":"Kadr skrojony na miar\u0119"},"content":{"rendered":"\n<figure class=\"wp-block-image aligncenter size-full\"><img loading=\"lazy\" decoding=\"async\" width=\"1300\" height=\"867\" src=\"https:\/\/wgphoto.pl\/t\/wp-content\/uploads\/2024\/11\/0523-02.jpg\" alt=\"\" class=\"wp-image-6468\" srcset=\"https:\/\/wgphoto.pl\/t\/wp-content\/uploads\/2024\/11\/0523-02.jpg 1300w, https:\/\/wgphoto.pl\/t\/wp-content\/uploads\/2024\/11\/0523-02-300x200.jpg 300w, https:\/\/wgphoto.pl\/t\/wp-content\/uploads\/2024\/11\/0523-02-768x512.jpg 768w\" sizes=\"auto, (max-width: 1300px) 100vw, 1300px\" \/><\/figure>\n\n\n\n<div class=\"wp-block-group has-global-padding is-layout-constrained wp-block-group-is-layout-constrained\">\n<p>Duet ST43-253+400 przepu\u015bciwszy w Strzegomiu poci\u0105g osobowy z Kamie\u0144ca do Legnicy udaje si\u0119 w dalsz\u0105 drog\u0119 w kierunku Jaworzyny \u015al\u0105skiej. 22.08.2005<\/p>\n<\/div>\n","protected":false},"excerpt":{"rendered":"<p>Duet ST43-253+400 przepu\u015bciwszy w Strzegomiu poci\u0105g osobowy z Kamie\u0144ca do Legnicy udaje si\u0119 w dalsz\u0105 drog\u0119 w kierunku Jaworzyny \u015al\u0105skiej. 22.08.2005<\/p>\n","protected":false},"author":1,"featured_media":6468,"comment_status":"open","ping_status":"","sticky":false,"template":"","format":"standard","meta":{"footnotes":""},"categories":[62,2,311],"tags":[367,303,173,63,27,176,64,433,319],"class_list":["post-6467","post","type-post","status-publish","format-standard","has-post-thumbnail","hentry","category-analog","category-kolej","category-rok-2005","tag-2005-08-22","tag-industrial","tag-koncowki","tag-pkp","tag-polska","tag-rano","tag-st43","tag-strzegom","tag-tab-pl235"],"_links":{"self":[{"href":"https:\/\/wgphoto.pl\/t\/index.php?rest_route=\/wp\/v2\/posts\/6467","targetHints":{"allow":["GET"]}}],"collection":[{"href":"https:\/\/wgphoto.pl\/t\/index.php?rest_route=\/wp\/v2\/posts"}],"about":[{"href":"https:\/\/wgphoto.pl\/t\/index.php?rest_route=\/wp\/v2\/types\/post"}],"author":[{"embeddable":true,"href":"https:\/\/wgphoto.pl\/t\/index.php?rest_route=\/wp\/v2\/users\/1"}],"replies":[{"embeddable":true,"href":"https:\/\/wgphoto.pl\/t\/index.php?rest_route=%2Fwp%2Fv2%2Fcomments&post=6467"}],"version-history":[{"count":1,"href":"https:\/\/wgphoto.pl\/t\/index.php?rest_route=\/wp\/v2\/posts\/6467\/revisions"}],"predecessor-version":[{"id":6469,"href":"https:\/\/wgphoto.pl\/t\/index.php?rest_route=\/wp\/v2\/posts\/6467\/revisions\/6469"}],"wp:featuredmedia":[{"embeddable":true,"href":"https:\/\/wgphoto.pl\/t\/index.php?rest_route=\/wp\/v2\/media\/6468"}],"wp:attachment":[{"href":"https:\/\/wgphoto.pl\/t\/index.php?rest_route=%2Fwp%2Fv2%2Fmedia&parent=6467"}],"wp:term":[{"taxonomy":"category","embeddable":true,"href":"https:\/\/wgphoto.pl\/t\/index.php?rest_route=%2Fwp%2Fv2%2Fcategories&post=6467"},{"taxonomy":"post_tag","embeddable":true,"href":"https:\/\/wgphoto.pl\/t\/index.php?rest_route=%2Fwp%2Fv2%2Ftags&post=6467"}],"curies":[{"name":"wp","href":"https:\/\/api.w.org\/{rel}","templated":true}]}}